{"id":472,"date":"2025-03-30T12:28:32","date_gmt":"2025-03-30T15:28:32","guid":{"rendered":"https:\/\/news.gen-t.science\/?p=472"},"modified":"2025-04-01T12:36:42","modified_gmt":"2025-04-01T15:36:42","slug":"a-criacao-de-um-banco-genetico-nacional","status":"publish","type":"post","link":"https:\/\/news.gen-t.science\/pt-br\/2025\/03\/a-criacao-de-um-banco-genetico-nacional\/","title":{"rendered":"A cria\u00e7\u00e3o de um banco gen\u00e9tico nacional"},"content":{"rendered":"\n<p><em>Projeto gen-t do Brasil visa sequenciar o DNA de 200 mil brasileiros a fim de nortear estrat\u00e9gias mais precisas de preven\u00e7\u00e3o e tratamentos<\/em><\/p>\n\n\n\n<p>Em mar\u00e7o de 2024, a <em>Veja Sa\u00fade<\/em> destacou a miss\u00e3o da gen-t de mapear a gen\u00e9tica brasileira para aprimorar a preven\u00e7\u00e3o e o tratamento de doen\u00e7as. <em>\u201cPrecisamos ter dados sobre a gen\u00e9tica latino-americana para nos inserirmos na era da medicina de precis\u00e3o e oferecer diagn\u00f3sticos e tratamentos de sa\u00fade mais assertivos para as pessoas\u201d<\/em>, disse Lygia Pereira, geneticista e fundadora da gen-t.<\/p>\n\n\n\n<p>Atualmente, somente 1% dos DNAs sequenciados no mundo s\u00e3o de origem hisp\u00e2nica ou latina, enquanto 2% s\u00e3o africanos, 10% asi\u00e1ticos e 80% europeus\u2013um desequil\u00edbrio que impacta a promo\u00e7\u00e3o da medicina de precis\u00e3o para todos.<\/p>\n\n\n\n<p>Confira a mat\u00e9ria na \u00edntegra da Veja Sa\u00fade no link: <a href=\"http:\/\/saude.abril.com.br\/medicina\/a-criacao-de-um-banco-genetico-nacional\">https:\/\/saude.abril.com.br\/medicina\/a-criacao-de-um-banco-genetico-nacional#google_vignette<\/a><br><\/p>\n","protected":false},"excerpt":{"rendered":"<p>Projeto gen-t do Brasil visa sequenciar o DNA de 200 mil brasileiros a fim de nortear estrat\u00e9gias mais precisas de preven\u00e7\u00e3o e tratamentos Em mar\u00e7o de 2024, a Veja Sa\u00fade destacou a miss\u00e3o da gen-t de mapear a gen\u00e9tica brasileira para aprimorar a preven\u00e7\u00e3o e o tratamento de doen\u00e7as. \u201cPrecisamos ter dados sobre a gen\u00e9tica [&hellip;]<\/p>\n","protected":false},"author":11,"featured_media":41,"comment_status":"open","ping_status":"open","sticky":false,"template":"","format":"standard","meta":{"_acf_changed":false,"footnotes":""},"categories":[127],"tags":[],"class_list":["post-472","post","type-post","status-publish","format-standard","has-post-thumbnail","hentry","category-gen-t"],"acf":[],"yoast_head":"<!-- This site is optimized with the Yoast SEO plugin v27.5 - https:\/\/yoast.com\/product\/yoast-seo-wordpress\/ -->\n<title>A cria\u00e7\u00e3o de um banco gen\u00e9tico nacional | gen-t<\/title>\n<meta name=\"description\" content=\"Artigos sobre gen\u00e9tica, gen\u00f4mica e medicina de precis\u00e3o, al\u00e9m de novidades sobre o universo gen-t e gen-t do Brasil.\" \/>\n<meta name=\"robots\" content=\"index, follow, max-snippet:-1, max-image-preview:large, max-video-preview:-1\" \/>\n<link rel=\"canonical\" href=\"https:\/\/news.gen-t.science\/pt-br\/2025\/03\/a-criacao-de-um-banco-genetico-nacional\/\" \/>\n<meta property=\"og:locale\" content=\"pt_BR\" \/>\n<meta property=\"og:type\" content=\"article\" \/>\n<meta property=\"og:title\" content=\"A cria\u00e7\u00e3o de um banco gen\u00e9tico nacional | gen-t\" \/>\n<meta property=\"og:description\" content=\"Artigos sobre gen\u00e9tica, gen\u00f4mica e medicina de precis\u00e3o, al\u00e9m de novidades sobre o universo gen-t e gen-t do Brasil.\" \/>\n<meta property=\"og:url\" content=\"https:\/\/news.gen-t.science\/pt-br\/2025\/03\/a-criacao-de-um-banco-genetico-nacional\/\" \/>\n<meta property=\"og:site_name\" content=\"gen-t\" \/>\n<meta property=\"article:publisher\" content=\"https:\/\/www.facebook.com\/profile.php?id=100083140696452\" \/>\n<meta property=\"article:published_time\" content=\"2025-03-30T15:28:32+00:00\" \/>\n<meta property=\"article:modified_time\" content=\"2025-04-01T15:36:42+00:00\" \/>\n<meta property=\"og:image\" content=\"https:\/\/news.gen-t.science\/wp-content\/uploads\/2022\/07\/geneticista-genetica-medicina-pesquisa-academia-scaled.jpg\" \/>\n\t<meta property=\"og:image:width\" content=\"2560\" \/>\n\t<meta property=\"og:image:height\" content=\"1707\" \/>\n\t<meta property=\"og:image:type\" content=\"image\/jpeg\" \/>\n<meta name=\"author\" content=\"Hellen\" \/>\n<meta name=\"twitter:card\" content=\"summary_large_image\" \/>\n<meta name=\"twitter:creator\" content=\"@gen_t_science\" \/>\n<meta name=\"twitter:site\" content=\"@gen_t_science\" \/>\n<meta name=\"twitter:label1\" content=\"Escrito por\" \/>\n\t<meta name=\"twitter:data1\" content=\"Hellen\" \/>\n\t<meta name=\"twitter:label2\" content=\"Est. tempo de leitura\" \/>\n\t<meta name=\"twitter:data2\" content=\"1 minuto\" \/>\n<script type=\"application\/ld+json\" class=\"yoast-schema-graph\">{\"@context\":\"https:\\\/\\\/schema.org\",\"@graph\":[{\"@type\":\"Article\",\"@id\":\"https:\\\/\\\/news.gen-t.science\\\/pt-br\\\/2025\\\/03\\\/a-criacao-de-um-banco-genetico-nacional\\\/#article\",\"isPartOf\":{\"@id\":\"https:\\\/\\\/news.gen-t.science\\\/pt-br\\\/2025\\\/03\\\/a-criacao-de-um-banco-genetico-nacional\\\/\"},\"author\":{\"name\":\"Hellen\",\"@id\":\"https:\\\/\\\/news.gen-t.science\\\/pt-br\\\/#\\\/schema\\\/person\\\/83a1c36c3e689c5643a3bc4d00d64033\"},\"headline\":\"A cria\u00e7\u00e3o de um banco gen\u00e9tico nacional\",\"datePublished\":\"2025-03-30T15:28:32+00:00\",\"dateModified\":\"2025-04-01T15:36:42+00:00\",\"mainEntityOfPage\":{\"@id\":\"https:\\\/\\\/news.gen-t.science\\\/pt-br\\\/2025\\\/03\\\/a-criacao-de-um-banco-genetico-nacional\\\/\"},\"wordCount\":163,\"commentCount\":0,\"publisher\":{\"@id\":\"https:\\\/\\\/news.gen-t.science\\\/pt-br\\\/#organization\"},\"image\":{\"@id\":\"https:\\\/\\\/news.gen-t.science\\\/pt-br\\\/2025\\\/03\\\/a-criacao-de-um-banco-genetico-nacional\\\/#primaryimage\"},\"thumbnailUrl\":\"https:\\\/\\\/news.gen-t.science\\\/wp-content\\\/uploads\\\/2022\\\/07\\\/geneticista-genetica-medicina-pesquisa-academia-scaled.jpg\",\"articleSection\":[\"gen-t\"],\"inLanguage\":\"pt-BR\",\"potentialAction\":[{\"@type\":\"CommentAction\",\"name\":\"Comment\",\"target\":[\"https:\\\/\\\/news.gen-t.science\\\/pt-br\\\/2025\\\/03\\\/a-criacao-de-um-banco-genetico-nacional\\\/#respond\"]}]},{\"@type\":\"WebPage\",\"@id\":\"https:\\\/\\\/news.gen-t.science\\\/pt-br\\\/2025\\\/03\\\/a-criacao-de-um-banco-genetico-nacional\\\/\",\"url\":\"https:\\\/\\\/news.gen-t.science\\\/pt-br\\\/2025\\\/03\\\/a-criacao-de-um-banco-genetico-nacional\\\/\",\"name\":\"A cria\u00e7\u00e3o de um banco gen\u00e9tico nacional | gen-t\",\"isPartOf\":{\"@id\":\"https:\\\/\\\/news.gen-t.science\\\/pt-br\\\/#website\"},\"primaryImageOfPage\":{\"@id\":\"https:\\\/\\\/news.gen-t.science\\\/pt-br\\\/2025\\\/03\\\/a-criacao-de-um-banco-genetico-nacional\\\/#primaryimage\"},\"image\":{\"@id\":\"https:\\\/\\\/news.gen-t.science\\\/pt-br\\\/2025\\\/03\\\/a-criacao-de-um-banco-genetico-nacional\\\/#primaryimage\"},\"thumbnailUrl\":\"https:\\\/\\\/news.gen-t.science\\\/wp-content\\\/uploads\\\/2022\\\/07\\\/geneticista-genetica-medicina-pesquisa-academia-scaled.jpg\",\"datePublished\":\"2025-03-30T15:28:32+00:00\",\"dateModified\":\"2025-04-01T15:36:42+00:00\",\"description\":\"Artigos sobre gen\u00e9tica, gen\u00f4mica e medicina de precis\u00e3o, al\u00e9m de novidades sobre o universo gen-t e gen-t do Brasil.\",\"breadcrumb\":{\"@id\":\"https:\\\/\\\/news.gen-t.science\\\/pt-br\\\/2025\\\/03\\\/a-criacao-de-um-banco-genetico-nacional\\\/#breadcrumb\"},\"inLanguage\":\"pt-BR\",\"potentialAction\":[{\"@type\":\"ReadAction\",\"target\":[\"https:\\\/\\\/news.gen-t.science\\\/pt-br\\\/2025\\\/03\\\/a-criacao-de-um-banco-genetico-nacional\\\/\"]}]},{\"@type\":\"ImageObject\",\"inLanguage\":\"pt-BR\",\"@id\":\"https:\\\/\\\/news.gen-t.science\\\/pt-br\\\/2025\\\/03\\\/a-criacao-de-um-banco-genetico-nacional\\\/#primaryimage\",\"url\":\"https:\\\/\\\/news.gen-t.science\\\/wp-content\\\/uploads\\\/2022\\\/07\\\/geneticista-genetica-medicina-pesquisa-academia-scaled.jpg\",\"contentUrl\":\"https:\\\/\\\/news.gen-t.science\\\/wp-content\\\/uploads\\\/2022\\\/07\\\/geneticista-genetica-medicina-pesquisa-academia-scaled.jpg\",\"width\":\"2560\",\"height\":\"1707\",\"caption\":\"A cria\u00e7\u00e3o de um banco gen\u00e9tico nacional\"},{\"@type\":\"BreadcrumbList\",\"@id\":\"https:\\\/\\\/news.gen-t.science\\\/pt-br\\\/2025\\\/03\\\/a-criacao-de-um-banco-genetico-nacional\\\/#breadcrumb\",\"itemListElement\":[{\"@type\":\"ListItem\",\"position\":1,\"name\":\"In\u00edcio\",\"item\":\"https:\\\/\\\/news.gen-t.science\\\/pt-br\\\/\"},{\"@type\":\"ListItem\",\"position\":2,\"name\":\"A cria\u00e7\u00e3o de um banco gen\u00e9tico nacional\"}]},{\"@type\":\"WebSite\",\"@id\":\"https:\\\/\\\/news.gen-t.science\\\/pt-br\\\/#website\",\"url\":\"https:\\\/\\\/news.gen-t.science\\\/pt-br\\\/\",\"name\":\"gen-t\",\"description\":\"Humanidade com ci\u00eancia\",\"publisher\":{\"@id\":\"https:\\\/\\\/news.gen-t.science\\\/pt-br\\\/#organization\"},\"potentialAction\":[{\"@type\":\"SearchAction\",\"target\":{\"@type\":\"EntryPoint\",\"urlTemplate\":\"https:\\\/\\\/news.gen-t.science\\\/pt-br\\\/?s={search_term_string}\"},\"query-input\":{\"@type\":\"PropertyValueSpecification\",\"valueRequired\":true,\"valueName\":\"search_term_string\"}}],\"inLanguage\":\"pt-BR\"},{\"@type\":\"Organization\",\"@id\":\"https:\\\/\\\/news.gen-t.science\\\/pt-br\\\/#organization\",\"name\":\"gen-t\",\"url\":\"https:\\\/\\\/news.gen-t.science\\\/pt-br\\\/\",\"logo\":{\"@type\":\"ImageObject\",\"inLanguage\":\"pt-BR\",\"@id\":\"https:\\\/\\\/news.gen-t.science\\\/pt-br\\\/#\\\/schema\\\/logo\\\/image\\\/\",\"url\":\"https:\\\/\\\/blog.gen-t.science\\\/wp-content\\\/uploads\\\/2022\\\/09\\\/logo-gen-t-humanidade-com-ciencia-genetica-genomica-gente_.jpg\",\"contentUrl\":\"https:\\\/\\\/blog.gen-t.science\\\/wp-content\\\/uploads\\\/2022\\\/09\\\/logo-gen-t-humanidade-com-ciencia-genetica-genomica-gente_.jpg\",\"width\":\"1381\",\"height\":\"633\",\"caption\":\"gen-t\"},\"image\":{\"@id\":\"https:\\\/\\\/news.gen-t.science\\\/pt-br\\\/#\\\/schema\\\/logo\\\/image\\\/\"},\"sameAs\":[\"https:\\\/\\\/www.facebook.com\\\/profile.php?id=100083140696452\",\"https:\\\/\\\/x.com\\\/gen_t_science\",\"https:\\\/\\\/www.instagram.com\\\/gen_t.science\\\/\",\"https:\\\/\\\/www.linkedin.com\\\/company\\\/gen-t-science\\\/\",\"https:\\\/\\\/www.youtube.com\\\/channel\\\/UCViOWuQ8WwEbrPQLPFCy_ew\\\/\"]},{\"@type\":\"Person\",\"@id\":\"https:\\\/\\\/news.gen-t.science\\\/pt-br\\\/#\\\/schema\\\/person\\\/83a1c36c3e689c5643a3bc4d00d64033\",\"name\":\"Hellen\",\"image\":{\"@type\":\"ImageObject\",\"inLanguage\":\"pt-BR\",\"@id\":\"https:\\\/\\\/secure.gravatar.com\\\/avatar\\\/f41027262da44211cc25ee8fbedce2d8eaf776ef1708e2db8f008ae530879c5a?s=96&d=mm&r=g\",\"url\":\"https:\\\/\\\/secure.gravatar.com\\\/avatar\\\/f41027262da44211cc25ee8fbedce2d8eaf776ef1708e2db8f008ae530879c5a?s=96&d=mm&r=g\",\"contentUrl\":\"https:\\\/\\\/secure.gravatar.com\\\/avatar\\\/f41027262da44211cc25ee8fbedce2d8eaf776ef1708e2db8f008ae530879c5a?s=96&d=mm&r=g\",\"caption\":\"Hellen\"},\"url\":\"https:\\\/\\\/news.gen-t.science\\\/pt-br\\\/author\\\/hellen\\\/\"}]}<\/script>\n<!-- \/ Yoast SEO plugin. -->","yoast_head_json":{"title":"A cria\u00e7\u00e3o de um banco gen\u00e9tico nacional | gen-t","description":"Artigos sobre gen\u00e9tica, gen\u00f4mica e medicina de precis\u00e3o, al\u00e9m de novidades sobre o universo gen-t e gen-t do Brasil.","robots":{"index":"index","follow":"follow","max-snippet":"max-snippet:-1","max-image-preview":"max-image-preview:large","max-video-preview":"max-video-preview:-1"},"canonical":"https:\/\/news.gen-t.science\/pt-br\/2025\/03\/a-criacao-de-um-banco-genetico-nacional\/","og_locale":"pt_BR","og_type":"article","og_title":"A cria\u00e7\u00e3o de um banco gen\u00e9tico nacional | gen-t","og_description":"Artigos sobre gen\u00e9tica, gen\u00f4mica e medicina de precis\u00e3o, al\u00e9m de novidades sobre o universo gen-t e gen-t do Brasil.","og_url":"https:\/\/news.gen-t.science\/pt-br\/2025\/03\/a-criacao-de-um-banco-genetico-nacional\/","og_site_name":"gen-t","article_publisher":"https:\/\/www.facebook.com\/profile.php?id=100083140696452","article_published_time":"2025-03-30T15:28:32+00:00","article_modified_time":"2025-04-01T15:36:42+00:00","og_image":[{"width":2560,"height":1707,"url":"https:\/\/news.gen-t.science\/wp-content\/uploads\/2022\/07\/geneticista-genetica-medicina-pesquisa-academia-scaled.jpg","type":"image\/jpeg"}],"author":"Hellen","twitter_card":"summary_large_image","twitter_creator":"@gen_t_science","twitter_site":"@gen_t_science","twitter_misc":{"Escrito por":"Hellen","Est. tempo de leitura":"1 minuto"},"schema":{"@context":"https:\/\/schema.org","@graph":[{"@type":"Article","@id":"https:\/\/news.gen-t.science\/pt-br\/2025\/03\/a-criacao-de-um-banco-genetico-nacional\/#article","isPartOf":{"@id":"https:\/\/news.gen-t.science\/pt-br\/2025\/03\/a-criacao-de-um-banco-genetico-nacional\/"},"author":{"name":"Hellen","@id":"https:\/\/news.gen-t.science\/pt-br\/#\/schema\/person\/83a1c36c3e689c5643a3bc4d00d64033"},"headline":"A cria\u00e7\u00e3o de um banco gen\u00e9tico nacional","datePublished":"2025-03-30T15:28:32+00:00","dateModified":"2025-04-01T15:36:42+00:00","mainEntityOfPage":{"@id":"https:\/\/news.gen-t.science\/pt-br\/2025\/03\/a-criacao-de-um-banco-genetico-nacional\/"},"wordCount":163,"commentCount":0,"publisher":{"@id":"https:\/\/news.gen-t.science\/pt-br\/#organization"},"image":{"@id":"https:\/\/news.gen-t.science\/pt-br\/2025\/03\/a-criacao-de-um-banco-genetico-nacional\/#primaryimage"},"thumbnailUrl":"https:\/\/news.gen-t.science\/wp-content\/uploads\/2022\/07\/geneticista-genetica-medicina-pesquisa-academia-scaled.jpg","articleSection":["gen-t"],"inLanguage":"pt-BR","potentialAction":[{"@type":"CommentAction","name":"Comment","target":["https:\/\/news.gen-t.science\/pt-br\/2025\/03\/a-criacao-de-um-banco-genetico-nacional\/#respond"]}]},{"@type":"WebPage","@id":"https:\/\/news.gen-t.science\/pt-br\/2025\/03\/a-criacao-de-um-banco-genetico-nacional\/","url":"https:\/\/news.gen-t.science\/pt-br\/2025\/03\/a-criacao-de-um-banco-genetico-nacional\/","name":"A cria\u00e7\u00e3o de um banco gen\u00e9tico nacional | gen-t","isPartOf":{"@id":"https:\/\/news.gen-t.science\/pt-br\/#website"},"primaryImageOfPage":{"@id":"https:\/\/news.gen-t.science\/pt-br\/2025\/03\/a-criacao-de-um-banco-genetico-nacional\/#primaryimage"},"image":{"@id":"https:\/\/news.gen-t.science\/pt-br\/2025\/03\/a-criacao-de-um-banco-genetico-nacional\/#primaryimage"},"thumbnailUrl":"https:\/\/news.gen-t.science\/wp-content\/uploads\/2022\/07\/geneticista-genetica-medicina-pesquisa-academia-scaled.jpg","datePublished":"2025-03-30T15:28:32+00:00","dateModified":"2025-04-01T15:36:42+00:00","description":"Artigos sobre gen\u00e9tica, gen\u00f4mica e medicina de precis\u00e3o, al\u00e9m de novidades sobre o universo gen-t e gen-t do Brasil.","breadcrumb":{"@id":"https:\/\/news.gen-t.science\/pt-br\/2025\/03\/a-criacao-de-um-banco-genetico-nacional\/#breadcrumb"},"inLanguage":"pt-BR","potentialAction":[{"@type":"ReadAction","target":["https:\/\/news.gen-t.science\/pt-br\/2025\/03\/a-criacao-de-um-banco-genetico-nacional\/"]}]},{"@type":"ImageObject","inLanguage":"pt-BR","@id":"https:\/\/news.gen-t.science\/pt-br\/2025\/03\/a-criacao-de-um-banco-genetico-nacional\/#primaryimage","url":"https:\/\/news.gen-t.science\/wp-content\/uploads\/2022\/07\/geneticista-genetica-medicina-pesquisa-academia-scaled.jpg","contentUrl":"https:\/\/news.gen-t.science\/wp-content\/uploads\/2022\/07\/geneticista-genetica-medicina-pesquisa-academia-scaled.jpg","width":"2560","height":"1707","caption":"A cria\u00e7\u00e3o de um banco gen\u00e9tico nacional"},{"@type":"BreadcrumbList","@id":"https:\/\/news.gen-t.science\/pt-br\/2025\/03\/a-criacao-de-um-banco-genetico-nacional\/#breadcrumb","itemListElement":[{"@type":"ListItem","position":1,"name":"In\u00edcio","item":"https:\/\/news.gen-t.science\/pt-br\/"},{"@type":"ListItem","position":2,"name":"A cria\u00e7\u00e3o de um banco gen\u00e9tico nacional"}]},{"@type":"WebSite","@id":"https:\/\/news.gen-t.science\/pt-br\/#website","url":"https:\/\/news.gen-t.science\/pt-br\/","name":"gen-t","description":"Humanidade com ci\u00eancia","publisher":{"@id":"https:\/\/news.gen-t.science\/pt-br\/#organization"},"potentialAction":[{"@type":"SearchAction","target":{"@type":"EntryPoint","urlTemplate":"https:\/\/news.gen-t.science\/pt-br\/?s={search_term_string}"},"query-input":{"@type":"PropertyValueSpecification","valueRequired":true,"valueName":"search_term_string"}}],"inLanguage":"pt-BR"},{"@type":"Organization","@id":"https:\/\/news.gen-t.science\/pt-br\/#organization","name":"gen-t","url":"https:\/\/news.gen-t.science\/pt-br\/","logo":{"@type":"ImageObject","inLanguage":"pt-BR","@id":"https:\/\/news.gen-t.science\/pt-br\/#\/schema\/logo\/image\/","url":"https:\/\/blog.gen-t.science\/wp-content\/uploads\/2022\/09\/logo-gen-t-humanidade-com-ciencia-genetica-genomica-gente_.jpg","contentUrl":"https:\/\/blog.gen-t.science\/wp-content\/uploads\/2022\/09\/logo-gen-t-humanidade-com-ciencia-genetica-genomica-gente_.jpg","width":"1381","height":"633","caption":"gen-t"},"image":{"@id":"https:\/\/news.gen-t.science\/pt-br\/#\/schema\/logo\/image\/"},"sameAs":["https:\/\/www.facebook.com\/profile.php?id=100083140696452","https:\/\/x.com\/gen_t_science","https:\/\/www.instagram.com\/gen_t.science\/","https:\/\/www.linkedin.com\/company\/gen-t-science\/","https:\/\/www.youtube.com\/channel\/UCViOWuQ8WwEbrPQLPFCy_ew\/"]},{"@type":"Person","@id":"https:\/\/news.gen-t.science\/pt-br\/#\/schema\/person\/83a1c36c3e689c5643a3bc4d00d64033","name":"Hellen","image":{"@type":"ImageObject","inLanguage":"pt-BR","@id":"https:\/\/secure.gravatar.com\/avatar\/f41027262da44211cc25ee8fbedce2d8eaf776ef1708e2db8f008ae530879c5a?s=96&d=mm&r=g","url":"https:\/\/secure.gravatar.com\/avatar\/f41027262da44211cc25ee8fbedce2d8eaf776ef1708e2db8f008ae530879c5a?s=96&d=mm&r=g","contentUrl":"https:\/\/secure.gravatar.com\/avatar\/f41027262da44211cc25ee8fbedce2d8eaf776ef1708e2db8f008ae530879c5a?s=96&d=mm&r=g","caption":"Hellen"},"url":"https:\/\/news.gen-t.science\/pt-br\/author\/hellen\/"}]}},"_links":{"self":[{"href":"https:\/\/news.gen-t.science\/pt-br\/wp-json\/wp\/v2\/posts\/472","targetHints":{"allow":["GET"]}}],"collection":[{"href":"https:\/\/news.gen-t.science\/pt-br\/wp-json\/wp\/v2\/posts"}],"about":[{"href":"https:\/\/news.gen-t.science\/pt-br\/wp-json\/wp\/v2\/types\/post"}],"author":[{"embeddable":true,"href":"https:\/\/news.gen-t.science\/pt-br\/wp-json\/wp\/v2\/users\/11"}],"replies":[{"embeddable":true,"href":"https:\/\/news.gen-t.science\/pt-br\/wp-json\/wp\/v2\/comments?post=472"}],"version-history":[{"count":1,"href":"https:\/\/news.gen-t.science\/pt-br\/wp-json\/wp\/v2\/posts\/472\/revisions"}],"predecessor-version":[{"id":473,"href":"https:\/\/news.gen-t.science\/pt-br\/wp-json\/wp\/v2\/posts\/472\/revisions\/473"}],"wp:featuredmedia":[{"embeddable":true,"href":"https:\/\/news.gen-t.science\/pt-br\/wp-json\/wp\/v2\/media\/41"}],"wp:attachment":[{"href":"https:\/\/news.gen-t.science\/pt-br\/wp-json\/wp\/v2\/media?parent=472"}],"wp:term":[{"taxonomy":"category","embeddable":true,"href":"https:\/\/news.gen-t.science\/pt-br\/wp-json\/wp\/v2\/categories?post=472"},{"taxonomy":"post_tag","embeddable":true,"href":"https:\/\/news.gen-t.science\/pt-br\/wp-json\/wp\/v2\/tags?post=472"}],"curies":[{"name":"wp","href":"https:\/\/api.w.org\/{rel}","templated":true}]}}