{"id":453,"date":"2024-05-13T12:02:00","date_gmt":"2024-05-13T15:02:00","guid":{"rendered":"https:\/\/news.gen-t.science\/?p=453"},"modified":"2025-04-01T12:39:05","modified_gmt":"2025-04-01T15:39:05","slug":"o-mapa-da-inovacao-nas-cinco-regioes-do-brasil","status":"publish","type":"post","link":"https:\/\/news.gen-t.science\/pt-br\/2024\/05\/o-mapa-da-inovacao-nas-cinco-regioes-do-brasil\/","title":{"rendered":"O Mapa da Inova\u00e7\u00e3o nas cinco regi\u00f5es do Brasil"},"content":{"rendered":"\n<p><em>A gen-t est\u00e1 no Mapa da Inova\u00e7\u00e3o da \u00c9poca Neg\u00f3cios, que viajou pelo Brasil para investigar o impacto da tecnologia nos neg\u00f3cios em diferentes regi\u00f5es<\/em><\/p>\n\n\n\n<p>Segundo a \u00c9poca Neg\u00f3cios, a gen-t se tornou um dos exemplos mais promissores da nova onda de startups cient\u00edficas no Brasil. Criada pela geneticista e professora da USP Lygia Pereira, a startup procura construir um bio banco diverso para ampliar a inclus\u00e3o de diferentes popula\u00e7\u00f5es na medicina de precis\u00e3o.<\/p>\n\n\n\n<p>Descubra como a gen-t est\u00e1 transformando a pesquisa gen\u00e9tica no Brasil. Leia a mat\u00e9ria da \u00c9poca Neg\u00f3cios na \u00edntegra: <\/p>\n\n\n\n<div data-wp-interactive=\"core\/file\" class=\"wp-block-file\"><object data-wp-bind--hidden=\"!state.hasPdfPreview\" hidden class=\"wp-block-file__embed\" data=\"https:\/\/news.gen-t.science\/wp-content\/uploads\/2025\/04\/epoca-negocios-gen-t.pdf\" type=\"application\/pdf\" style=\"width:100%;height:600px\" aria-label=\"Incorporado de epoca-negocios-gen-t.\"><\/object><a id=\"wp-block-file--media-13fbaa12-8fd7-4cc3-912c-d42c046f14ff\" href=\"https:\/\/news.gen-t.science\/wp-content\/uploads\/2025\/04\/epoca-negocios-gen-t.pdf\">epoca-negocios-gen-t<\/a><a href=\"https:\/\/news.gen-t.science\/wp-content\/uploads\/2025\/04\/epoca-negocios-gen-t.pdf\" class=\"wp-block-file__button wp-element-button\" download aria-describedby=\"wp-block-file--media-13fbaa12-8fd7-4cc3-912c-d42c046f14ff\">Download<\/a><\/div>\n\n\n\n<p><\/p>\n","protected":false},"excerpt":{"rendered":"<p>A gen-t est\u00e1 no Mapa da Inova\u00e7\u00e3o da \u00c9poca Neg\u00f3cios, que viajou pelo Brasil para investigar o impacto da tecnologia nos neg\u00f3cios em diferentes regi\u00f5es Segundo a \u00c9poca Neg\u00f3cios, a gen-t se tornou um dos exemplos mais promissores da nova onda de startups cient\u00edficas no Brasil. Criada pela geneticista e professora da USP Lygia Pereira, [&hellip;]<\/p>\n","protected":false},"author":11,"featured_media":280,"comment_status":"open","ping_status":"open","sticky":false,"template":"","format":"standard","meta":{"_acf_changed":false,"footnotes":""},"categories":[133,1],"tags":[],"class_list":["post-453","post","type-post","status-publish","format-standard","has-post-thumbnail","hentry","category-gen-t-pt-br","category-nao-categorizado"],"acf":[],"yoast_head":"<!-- This site is optimized with the Yoast SEO plugin v27.5 - https:\/\/yoast.com\/product\/yoast-seo-wordpress\/ -->\n<title>O Mapa da Inova\u00e7\u00e3o nas cinco regi\u00f5es do Brasil | gen-t<\/title>\n<meta name=\"description\" content=\"Artigos sobre gen\u00e9tica, gen\u00f4mica e medicina de precis\u00e3o, al\u00e9m de novidades sobre o universo gen-t e gen-t do Brasil.\" \/>\n<meta name=\"robots\" content=\"index, follow, max-snippet:-1, max-image-preview:large, max-video-preview:-1\" \/>\n<link rel=\"canonical\" href=\"https:\/\/news.gen-t.science\/pt-br\/2024\/05\/o-mapa-da-inovacao-nas-cinco-regioes-do-brasil\/\" \/>\n<meta property=\"og:locale\" content=\"pt_BR\" \/>\n<meta property=\"og:type\" content=\"article\" \/>\n<meta property=\"og:title\" content=\"O Mapa da Inova\u00e7\u00e3o nas cinco regi\u00f5es do Brasil | gen-t\" \/>\n<meta property=\"og:description\" content=\"Artigos sobre gen\u00e9tica, gen\u00f4mica e medicina de precis\u00e3o, al\u00e9m de novidades sobre o universo gen-t e gen-t do Brasil.\" \/>\n<meta property=\"og:url\" content=\"https:\/\/news.gen-t.science\/pt-br\/2024\/05\/o-mapa-da-inovacao-nas-cinco-regioes-do-brasil\/\" \/>\n<meta property=\"og:site_name\" content=\"gen-t\" \/>\n<meta property=\"article:publisher\" content=\"https:\/\/www.facebook.com\/profile.php?id=100083140696452\" \/>\n<meta property=\"article:published_time\" content=\"2024-05-13T15:02:00+00:00\" \/>\n<meta property=\"article:modified_time\" content=\"2025-04-01T15:39:05+00:00\" \/>\n<meta property=\"og:image\" content=\"https:\/\/news.gen-t.science\/wp-content\/uploads\/2023\/03\/Captura-de-Tela-2023-02-28-a\u0300s-17.46.47.png\" \/>\n\t<meta property=\"og:image:width\" content=\"1225\" \/>\n\t<meta property=\"og:image:height\" content=\"613\" \/>\n\t<meta property=\"og:image:type\" content=\"image\/png\" \/>\n<meta name=\"author\" content=\"Hellen\" \/>\n<meta name=\"twitter:card\" content=\"summary_large_image\" \/>\n<meta name=\"twitter:creator\" content=\"@gen_t_science\" \/>\n<meta name=\"twitter:site\" content=\"@gen_t_science\" \/>\n<meta name=\"twitter:label1\" content=\"Escrito por\" \/>\n\t<meta name=\"twitter:data1\" content=\"Hellen\" \/>\n\t<meta name=\"twitter:label2\" content=\"Est. tempo de leitura\" \/>\n\t<meta name=\"twitter:data2\" content=\"1 minuto\" \/>\n<script type=\"application\/ld+json\" class=\"yoast-schema-graph\">{\"@context\":\"https:\\\/\\\/schema.org\",\"@graph\":[{\"@type\":\"Article\",\"@id\":\"https:\\\/\\\/news.gen-t.science\\\/pt-br\\\/2024\\\/05\\\/o-mapa-da-inovacao-nas-cinco-regioes-do-brasil\\\/#article\",\"isPartOf\":{\"@id\":\"https:\\\/\\\/news.gen-t.science\\\/pt-br\\\/2024\\\/05\\\/o-mapa-da-inovacao-nas-cinco-regioes-do-brasil\\\/\"},\"author\":{\"name\":\"Hellen\",\"@id\":\"https:\\\/\\\/news.gen-t.science\\\/pt-br\\\/#\\\/schema\\\/person\\\/83a1c36c3e689c5643a3bc4d00d64033\"},\"headline\":\"O Mapa da Inova\u00e7\u00e3o nas cinco regi\u00f5es do Brasil\",\"datePublished\":\"2024-05-13T15:02:00+00:00\",\"dateModified\":\"2025-04-01T15:39:05+00:00\",\"mainEntityOfPage\":{\"@id\":\"https:\\\/\\\/news.gen-t.science\\\/pt-br\\\/2024\\\/05\\\/o-mapa-da-inovacao-nas-cinco-regioes-do-brasil\\\/\"},\"wordCount\":118,\"commentCount\":0,\"publisher\":{\"@id\":\"https:\\\/\\\/news.gen-t.science\\\/pt-br\\\/#organization\"},\"image\":{\"@id\":\"https:\\\/\\\/news.gen-t.science\\\/pt-br\\\/2024\\\/05\\\/o-mapa-da-inovacao-nas-cinco-regioes-do-brasil\\\/#primaryimage\"},\"thumbnailUrl\":\"https:\\\/\\\/news.gen-t.science\\\/wp-content\\\/uploads\\\/2023\\\/03\\\/Captura-de-Tela-2023-02-28-a\u0300s-17.46.47.png\",\"articleSection\":[\"gen-t\",\"N\u00e3o categorizado\"],\"inLanguage\":\"pt-BR\",\"potentialAction\":[{\"@type\":\"CommentAction\",\"name\":\"Comment\",\"target\":[\"https:\\\/\\\/news.gen-t.science\\\/pt-br\\\/2024\\\/05\\\/o-mapa-da-inovacao-nas-cinco-regioes-do-brasil\\\/#respond\"]}]},{\"@type\":\"WebPage\",\"@id\":\"https:\\\/\\\/news.gen-t.science\\\/pt-br\\\/2024\\\/05\\\/o-mapa-da-inovacao-nas-cinco-regioes-do-brasil\\\/\",\"url\":\"https:\\\/\\\/news.gen-t.science\\\/pt-br\\\/2024\\\/05\\\/o-mapa-da-inovacao-nas-cinco-regioes-do-brasil\\\/\",\"name\":\"O Mapa da Inova\u00e7\u00e3o nas cinco regi\u00f5es do Brasil | gen-t\",\"isPartOf\":{\"@id\":\"https:\\\/\\\/news.gen-t.science\\\/pt-br\\\/#website\"},\"primaryImageOfPage\":{\"@id\":\"https:\\\/\\\/news.gen-t.science\\\/pt-br\\\/2024\\\/05\\\/o-mapa-da-inovacao-nas-cinco-regioes-do-brasil\\\/#primaryimage\"},\"image\":{\"@id\":\"https:\\\/\\\/news.gen-t.science\\\/pt-br\\\/2024\\\/05\\\/o-mapa-da-inovacao-nas-cinco-regioes-do-brasil\\\/#primaryimage\"},\"thumbnailUrl\":\"https:\\\/\\\/news.gen-t.science\\\/wp-content\\\/uploads\\\/2023\\\/03\\\/Captura-de-Tela-2023-02-28-a\u0300s-17.46.47.png\",\"datePublished\":\"2024-05-13T15:02:00+00:00\",\"dateModified\":\"2025-04-01T15:39:05+00:00\",\"description\":\"Artigos sobre gen\u00e9tica, gen\u00f4mica e medicina de precis\u00e3o, al\u00e9m de novidades sobre o universo gen-t e gen-t do Brasil.\",\"breadcrumb\":{\"@id\":\"https:\\\/\\\/news.gen-t.science\\\/pt-br\\\/2024\\\/05\\\/o-mapa-da-inovacao-nas-cinco-regioes-do-brasil\\\/#breadcrumb\"},\"inLanguage\":\"pt-BR\",\"potentialAction\":[{\"@type\":\"ReadAction\",\"target\":[\"https:\\\/\\\/news.gen-t.science\\\/pt-br\\\/2024\\\/05\\\/o-mapa-da-inovacao-nas-cinco-regioes-do-brasil\\\/\"]}]},{\"@type\":\"ImageObject\",\"inLanguage\":\"pt-BR\",\"@id\":\"https:\\\/\\\/news.gen-t.science\\\/pt-br\\\/2024\\\/05\\\/o-mapa-da-inovacao-nas-cinco-regioes-do-brasil\\\/#primaryimage\",\"url\":\"https:\\\/\\\/news.gen-t.science\\\/wp-content\\\/uploads\\\/2023\\\/03\\\/Captura-de-Tela-2023-02-28-a\u0300s-17.46.47.png\",\"contentUrl\":\"https:\\\/\\\/news.gen-t.science\\\/wp-content\\\/uploads\\\/2023\\\/03\\\/Captura-de-Tela-2023-02-28-a\u0300s-17.46.47.png\",\"width\":\"1225\",\"height\":\"613\",\"caption\":\"fotos de pessoas diversas\"},{\"@type\":\"BreadcrumbList\",\"@id\":\"https:\\\/\\\/news.gen-t.science\\\/pt-br\\\/2024\\\/05\\\/o-mapa-da-inovacao-nas-cinco-regioes-do-brasil\\\/#breadcrumb\",\"itemListElement\":[{\"@type\":\"ListItem\",\"position\":1,\"name\":\"In\u00edcio\",\"item\":\"https:\\\/\\\/news.gen-t.science\\\/pt-br\\\/\"},{\"@type\":\"ListItem\",\"position\":2,\"name\":\"O Mapa da Inova\u00e7\u00e3o nas cinco regi\u00f5es do Brasil\"}]},{\"@type\":\"WebSite\",\"@id\":\"https:\\\/\\\/news.gen-t.science\\\/pt-br\\\/#website\",\"url\":\"https:\\\/\\\/news.gen-t.science\\\/pt-br\\\/\",\"name\":\"gen-t\",\"description\":\"Humanidade com ci\u00eancia\",\"publisher\":{\"@id\":\"https:\\\/\\\/news.gen-t.science\\\/pt-br\\\/#organization\"},\"potentialAction\":[{\"@type\":\"SearchAction\",\"target\":{\"@type\":\"EntryPoint\",\"urlTemplate\":\"https:\\\/\\\/news.gen-t.science\\\/pt-br\\\/?s={search_term_string}\"},\"query-input\":{\"@type\":\"PropertyValueSpecification\",\"valueRequired\":true,\"valueName\":\"search_term_string\"}}],\"inLanguage\":\"pt-BR\"},{\"@type\":\"Organization\",\"@id\":\"https:\\\/\\\/news.gen-t.science\\\/pt-br\\\/#organization\",\"name\":\"gen-t\",\"url\":\"https:\\\/\\\/news.gen-t.science\\\/pt-br\\\/\",\"logo\":{\"@type\":\"ImageObject\",\"inLanguage\":\"pt-BR\",\"@id\":\"https:\\\/\\\/news.gen-t.science\\\/pt-br\\\/#\\\/schema\\\/logo\\\/image\\\/\",\"url\":\"https:\\\/\\\/blog.gen-t.science\\\/wp-content\\\/uploads\\\/2022\\\/09\\\/logo-gen-t-humanidade-com-ciencia-genetica-genomica-gente_.jpg\",\"contentUrl\":\"https:\\\/\\\/blog.gen-t.science\\\/wp-content\\\/uploads\\\/2022\\\/09\\\/logo-gen-t-humanidade-com-ciencia-genetica-genomica-gente_.jpg\",\"width\":\"1381\",\"height\":\"633\",\"caption\":\"gen-t\"},\"image\":{\"@id\":\"https:\\\/\\\/news.gen-t.science\\\/pt-br\\\/#\\\/schema\\\/logo\\\/image\\\/\"},\"sameAs\":[\"https:\\\/\\\/www.facebook.com\\\/profile.php?id=100083140696452\",\"https:\\\/\\\/x.com\\\/gen_t_science\",\"https:\\\/\\\/www.instagram.com\\\/gen_t.science\\\/\",\"https:\\\/\\\/www.linkedin.com\\\/company\\\/gen-t-science\\\/\",\"https:\\\/\\\/www.youtube.com\\\/channel\\\/UCViOWuQ8WwEbrPQLPFCy_ew\\\/\"]},{\"@type\":\"Person\",\"@id\":\"https:\\\/\\\/news.gen-t.science\\\/pt-br\\\/#\\\/schema\\\/person\\\/83a1c36c3e689c5643a3bc4d00d64033\",\"name\":\"Hellen\",\"image\":{\"@type\":\"ImageObject\",\"inLanguage\":\"pt-BR\",\"@id\":\"https:\\\/\\\/secure.gravatar.com\\\/avatar\\\/f41027262da44211cc25ee8fbedce2d8eaf776ef1708e2db8f008ae530879c5a?s=96&d=mm&r=g\",\"url\":\"https:\\\/\\\/secure.gravatar.com\\\/avatar\\\/f41027262da44211cc25ee8fbedce2d8eaf776ef1708e2db8f008ae530879c5a?s=96&d=mm&r=g\",\"contentUrl\":\"https:\\\/\\\/secure.gravatar.com\\\/avatar\\\/f41027262da44211cc25ee8fbedce2d8eaf776ef1708e2db8f008ae530879c5a?s=96&d=mm&r=g\",\"caption\":\"Hellen\"},\"url\":\"https:\\\/\\\/news.gen-t.science\\\/pt-br\\\/author\\\/hellen\\\/\"}]}<\/script>\n<!-- \/ Yoast SEO plugin. -->","yoast_head_json":{"title":"O Mapa da Inova\u00e7\u00e3o nas cinco regi\u00f5es do Brasil | gen-t","description":"Artigos sobre gen\u00e9tica, gen\u00f4mica e medicina de precis\u00e3o, al\u00e9m de novidades sobre o universo gen-t e gen-t do Brasil.","robots":{"index":"index","follow":"follow","max-snippet":"max-snippet:-1","max-image-preview":"max-image-preview:large","max-video-preview":"max-video-preview:-1"},"canonical":"https:\/\/news.gen-t.science\/pt-br\/2024\/05\/o-mapa-da-inovacao-nas-cinco-regioes-do-brasil\/","og_locale":"pt_BR","og_type":"article","og_title":"O Mapa da Inova\u00e7\u00e3o nas cinco regi\u00f5es do Brasil | gen-t","og_description":"Artigos sobre gen\u00e9tica, gen\u00f4mica e medicina de precis\u00e3o, al\u00e9m de novidades sobre o universo gen-t e gen-t do Brasil.","og_url":"https:\/\/news.gen-t.science\/pt-br\/2024\/05\/o-mapa-da-inovacao-nas-cinco-regioes-do-brasil\/","og_site_name":"gen-t","article_publisher":"https:\/\/www.facebook.com\/profile.php?id=100083140696452","article_published_time":"2024-05-13T15:02:00+00:00","article_modified_time":"2025-04-01T15:39:05+00:00","og_image":[{"width":1225,"height":613,"url":"https:\/\/news.gen-t.science\/wp-content\/uploads\/2023\/03\/Captura-de-Tela-2023-02-28-a\u0300s-17.46.47.png","type":"image\/png"}],"author":"Hellen","twitter_card":"summary_large_image","twitter_creator":"@gen_t_science","twitter_site":"@gen_t_science","twitter_misc":{"Escrito por":"Hellen","Est. tempo de leitura":"1 minuto"},"schema":{"@context":"https:\/\/schema.org","@graph":[{"@type":"Article","@id":"https:\/\/news.gen-t.science\/pt-br\/2024\/05\/o-mapa-da-inovacao-nas-cinco-regioes-do-brasil\/#article","isPartOf":{"@id":"https:\/\/news.gen-t.science\/pt-br\/2024\/05\/o-mapa-da-inovacao-nas-cinco-regioes-do-brasil\/"},"author":{"name":"Hellen","@id":"https:\/\/news.gen-t.science\/pt-br\/#\/schema\/person\/83a1c36c3e689c5643a3bc4d00d64033"},"headline":"O Mapa da Inova\u00e7\u00e3o nas cinco regi\u00f5es do Brasil","datePublished":"2024-05-13T15:02:00+00:00","dateModified":"2025-04-01T15:39:05+00:00","mainEntityOfPage":{"@id":"https:\/\/news.gen-t.science\/pt-br\/2024\/05\/o-mapa-da-inovacao-nas-cinco-regioes-do-brasil\/"},"wordCount":118,"commentCount":0,"publisher":{"@id":"https:\/\/news.gen-t.science\/pt-br\/#organization"},"image":{"@id":"https:\/\/news.gen-t.science\/pt-br\/2024\/05\/o-mapa-da-inovacao-nas-cinco-regioes-do-brasil\/#primaryimage"},"thumbnailUrl":"https:\/\/news.gen-t.science\/wp-content\/uploads\/2023\/03\/Captura-de-Tela-2023-02-28-a\u0300s-17.46.47.png","articleSection":["gen-t","N\u00e3o categorizado"],"inLanguage":"pt-BR","potentialAction":[{"@type":"CommentAction","name":"Comment","target":["https:\/\/news.gen-t.science\/pt-br\/2024\/05\/o-mapa-da-inovacao-nas-cinco-regioes-do-brasil\/#respond"]}]},{"@type":"WebPage","@id":"https:\/\/news.gen-t.science\/pt-br\/2024\/05\/o-mapa-da-inovacao-nas-cinco-regioes-do-brasil\/","url":"https:\/\/news.gen-t.science\/pt-br\/2024\/05\/o-mapa-da-inovacao-nas-cinco-regioes-do-brasil\/","name":"O Mapa da Inova\u00e7\u00e3o nas cinco regi\u00f5es do Brasil | gen-t","isPartOf":{"@id":"https:\/\/news.gen-t.science\/pt-br\/#website"},"primaryImageOfPage":{"@id":"https:\/\/news.gen-t.science\/pt-br\/2024\/05\/o-mapa-da-inovacao-nas-cinco-regioes-do-brasil\/#primaryimage"},"image":{"@id":"https:\/\/news.gen-t.science\/pt-br\/2024\/05\/o-mapa-da-inovacao-nas-cinco-regioes-do-brasil\/#primaryimage"},"thumbnailUrl":"https:\/\/news.gen-t.science\/wp-content\/uploads\/2023\/03\/Captura-de-Tela-2023-02-28-a\u0300s-17.46.47.png","datePublished":"2024-05-13T15:02:00+00:00","dateModified":"2025-04-01T15:39:05+00:00","description":"Artigos sobre gen\u00e9tica, gen\u00f4mica e medicina de precis\u00e3o, al\u00e9m de novidades sobre o universo gen-t e gen-t do Brasil.","breadcrumb":{"@id":"https:\/\/news.gen-t.science\/pt-br\/2024\/05\/o-mapa-da-inovacao-nas-cinco-regioes-do-brasil\/#breadcrumb"},"inLanguage":"pt-BR","potentialAction":[{"@type":"ReadAction","target":["https:\/\/news.gen-t.science\/pt-br\/2024\/05\/o-mapa-da-inovacao-nas-cinco-regioes-do-brasil\/"]}]},{"@type":"ImageObject","inLanguage":"pt-BR","@id":"https:\/\/news.gen-t.science\/pt-br\/2024\/05\/o-mapa-da-inovacao-nas-cinco-regioes-do-brasil\/#primaryimage","url":"https:\/\/news.gen-t.science\/wp-content\/uploads\/2023\/03\/Captura-de-Tela-2023-02-28-a\u0300s-17.46.47.png","contentUrl":"https:\/\/news.gen-t.science\/wp-content\/uploads\/2023\/03\/Captura-de-Tela-2023-02-28-a\u0300s-17.46.47.png","width":"1225","height":"613","caption":"fotos de pessoas diversas"},{"@type":"BreadcrumbList","@id":"https:\/\/news.gen-t.science\/pt-br\/2024\/05\/o-mapa-da-inovacao-nas-cinco-regioes-do-brasil\/#breadcrumb","itemListElement":[{"@type":"ListItem","position":1,"name":"In\u00edcio","item":"https:\/\/news.gen-t.science\/pt-br\/"},{"@type":"ListItem","position":2,"name":"O Mapa da Inova\u00e7\u00e3o nas cinco regi\u00f5es do Brasil"}]},{"@type":"WebSite","@id":"https:\/\/news.gen-t.science\/pt-br\/#website","url":"https:\/\/news.gen-t.science\/pt-br\/","name":"gen-t","description":"Humanidade com ci\u00eancia","publisher":{"@id":"https:\/\/news.gen-t.science\/pt-br\/#organization"},"potentialAction":[{"@type":"SearchAction","target":{"@type":"EntryPoint","urlTemplate":"https:\/\/news.gen-t.science\/pt-br\/?s={search_term_string}"},"query-input":{"@type":"PropertyValueSpecification","valueRequired":true,"valueName":"search_term_string"}}],"inLanguage":"pt-BR"},{"@type":"Organization","@id":"https:\/\/news.gen-t.science\/pt-br\/#organization","name":"gen-t","url":"https:\/\/news.gen-t.science\/pt-br\/","logo":{"@type":"ImageObject","inLanguage":"pt-BR","@id":"https:\/\/news.gen-t.science\/pt-br\/#\/schema\/logo\/image\/","url":"https:\/\/blog.gen-t.science\/wp-content\/uploads\/2022\/09\/logo-gen-t-humanidade-com-ciencia-genetica-genomica-gente_.jpg","contentUrl":"https:\/\/blog.gen-t.science\/wp-content\/uploads\/2022\/09\/logo-gen-t-humanidade-com-ciencia-genetica-genomica-gente_.jpg","width":"1381","height":"633","caption":"gen-t"},"image":{"@id":"https:\/\/news.gen-t.science\/pt-br\/#\/schema\/logo\/image\/"},"sameAs":["https:\/\/www.facebook.com\/profile.php?id=100083140696452","https:\/\/x.com\/gen_t_science","https:\/\/www.instagram.com\/gen_t.science\/","https:\/\/www.linkedin.com\/company\/gen-t-science\/","https:\/\/www.youtube.com\/channel\/UCViOWuQ8WwEbrPQLPFCy_ew\/"]},{"@type":"Person","@id":"https:\/\/news.gen-t.science\/pt-br\/#\/schema\/person\/83a1c36c3e689c5643a3bc4d00d64033","name":"Hellen","image":{"@type":"ImageObject","inLanguage":"pt-BR","@id":"https:\/\/secure.gravatar.com\/avatar\/f41027262da44211cc25ee8fbedce2d8eaf776ef1708e2db8f008ae530879c5a?s=96&d=mm&r=g","url":"https:\/\/secure.gravatar.com\/avatar\/f41027262da44211cc25ee8fbedce2d8eaf776ef1708e2db8f008ae530879c5a?s=96&d=mm&r=g","contentUrl":"https:\/\/secure.gravatar.com\/avatar\/f41027262da44211cc25ee8fbedce2d8eaf776ef1708e2db8f008ae530879c5a?s=96&d=mm&r=g","caption":"Hellen"},"url":"https:\/\/news.gen-t.science\/pt-br\/author\/hellen\/"}]}},"_links":{"self":[{"href":"https:\/\/news.gen-t.science\/pt-br\/wp-json\/wp\/v2\/posts\/453","targetHints":{"allow":["GET"]}}],"collection":[{"href":"https:\/\/news.gen-t.science\/pt-br\/wp-json\/wp\/v2\/posts"}],"about":[{"href":"https:\/\/news.gen-t.science\/pt-br\/wp-json\/wp\/v2\/types\/post"}],"author":[{"embeddable":true,"href":"https:\/\/news.gen-t.science\/pt-br\/wp-json\/wp\/v2\/users\/11"}],"replies":[{"embeddable":true,"href":"https:\/\/news.gen-t.science\/pt-br\/wp-json\/wp\/v2\/comments?post=453"}],"version-history":[{"count":1,"href":"https:\/\/news.gen-t.science\/pt-br\/wp-json\/wp\/v2\/posts\/453\/revisions"}],"predecessor-version":[{"id":465,"href":"https:\/\/news.gen-t.science\/pt-br\/wp-json\/wp\/v2\/posts\/453\/revisions\/465"}],"wp:featuredmedia":[{"embeddable":true,"href":"https:\/\/news.gen-t.science\/pt-br\/wp-json\/wp\/v2\/media\/280"}],"wp:attachment":[{"href":"https:\/\/news.gen-t.science\/pt-br\/wp-json\/wp\/v2\/media?parent=453"}],"wp:term":[{"taxonomy":"category","embeddable":true,"href":"https:\/\/news.gen-t.science\/pt-br\/wp-json\/wp\/v2\/categories?post=453"},{"taxonomy":"post_tag","embeddable":true,"href":"https:\/\/news.gen-t.science\/pt-br\/wp-json\/wp\/v2\/tags?post=453"}],"curies":[{"name":"wp","href":"https:\/\/api.w.org\/{rel}","templated":true}]}}