{"id":429,"date":"2024-05-07T08:54:23","date_gmt":"2024-05-07T11:54:23","guid":{"rendered":"https:\/\/news.gen-t.science\/?p=429"},"modified":"2024-10-15T09:52:14","modified_gmt":"2024-10-15T12:52:14","slug":"gen-t-bio-international-convention-san-diego","status":"publish","type":"post","link":"https:\/\/news.gen-t.science\/pt-br\/2024\/05\/gen-t-bio-international-convention-san-diego\/","title":{"rendered":"gen-t representar\u00e1 o Brasil em inova\u00e7\u00e3o gen\u00e9tica na BIO International Convention em San Diego"},"content":{"rendered":"\n<h3 class=\"wp-block-heading\"><em>Novo banco gen\u00e9tico brasileiro promove diversidade na medicina de precis\u00e3o atrav\u00e9s da miscigena\u00e7\u00e3o do DNA da popula\u00e7\u00e3o brasileira, unindo descendentes da \u00c1frica, da Europa e da popula\u00e7\u00e3o nativa brasileira<\/em><\/h3>\n\n\n\n<p>A gen-t, startup brasileira l\u00edder em biotecnologia e que est\u00e1 construindo o maior e mais diverso banco gen\u00e9tico da Am\u00e9rica Latina, foi escolhida como uma das 10 principais startups para participar da BIO International Convention 2024, programada para ocorrer de 3 a 6 de junho de 2024, no Centro de Conven\u00e7\u00f5es de San Diego, na Calif\u00f3rnia.<\/p>\n\n\n\n<p>Essa participa\u00e7\u00e3o decorre da escolha da gen-t no programa Brazil&#8217;s BEST (Biotech Ecosystem of StartUps), uma iniciativa liderada pela ApexBrasil (Ag\u00eancia Brasileira de Promo\u00e7\u00e3o de Exporta\u00e7\u00f5es e Investimentos) e pela ABIQUIFI (Associa\u00e7\u00e3o Brasileira da Ind\u00fastria de Insumos Farmac\u00eauticos). O programa visa atrair investimentos estrangeiros para startups de biotecnologia brasileiras, com foco particular nos setores de sa\u00fade humana e animal.<\/p>\n\n\n\n<p>Desde sua funda\u00e7\u00e3o em setembro de 2021, a gen-t tem se dedicado \u00e0 constru\u00e7\u00e3o do maior e mais diverso banco gen\u00e9tico privado da Am\u00e9rica Latina, visando coletar o dado gen\u00e9tico de 200 mil brasileiros. A miss\u00e3o da empresa \u00e9 promover inclus\u00e3o e diversidade em bancos gen\u00e9ticos globais, aproveitando a mistura gen\u00e9tica \u00fanica presente na popula\u00e7\u00e3o brasileira. Com mais de 210 milh\u00f5es de pessoas, o Brasil possui 500 anos de miscigena\u00e7\u00e3o gen\u00e9tica das popula\u00e7\u00f5es ind\u00edgenas, africanas e europeias, oferecendo uma diversidade sem igual para pesquisa e desenvolvimento m\u00e9dico.<\/p>\n\n\n\n<p>&#8220;Participar da BIO International Convention \u00e9 um marco significativo para a gen-t,&#8221; disse Lygia Pereira, fundadora e CEO da gen-t. &#8220;\u00c9 uma oportunidade para n\u00f3s mostrarmos nosso trabalho pioneiro em diversidade gen\u00e9tica e suas implica\u00e7\u00f5es para os avan\u00e7os m\u00e9dicos em um palco global.&#8221;<\/p>\n\n\n\n<p>Considerada uma das principais geneticistas globalmente e fundadora da gen-t, Lygia da Veiga Pereira desempenhou um papel fundamental na equipe que criou o primeiro camundongo transg\u00eanico do Brasil, desenvolvendo modelos cruciais para investigar doen\u00e7as gen\u00e9ticas.<\/p>\n\n\n\n<p>A BIO International Convention \u00e9 o maior e mais abrangente evento de biotecnologia do mundo, atraindo mais de 20.000 l\u00edderes do setor globalmente. A conven\u00e7\u00e3o deste ano contar\u00e1 com uma ampla gama de participantes, incluindo empresas farmac\u00eauticas p\u00fablicas, startups de biotecnologia, acad\u00eamicos, organiza\u00e7\u00f5es sem fins lucrativos, entidades governamentais, pesquisadores, profissionais de desenvolvimento de neg\u00f3cios e investidores.<\/p>\n\n\n\n<p>Como parte da participa\u00e7\u00e3o da gen-t na conven\u00e7\u00e3o, a empresa participar\u00e1 de oportunidades de networking, reuni\u00f5es de novos neg\u00f3cios e apresenta\u00e7\u00f5es para potenciais investidores e parceiros. A gen-t visa aproveitar essa plataforma para aumentar a conscientiza\u00e7\u00e3o sobre a import\u00e2ncia da diversidade gen\u00e9tica na pesquisa m\u00e9dica e fomentar colabora\u00e7\u00f5es com stakeholders internacionais.<\/p>\n\n\n\n<p>Para obter mais informa\u00e7\u00f5es sobre a gen-t, visite no site <a href=\"http:\/\/www.gen-t.science\">www.gen-t.science<\/a>.<\/p>\n\n\n\n<h2 class=\"wp-block-heading\">Sobre gen-t:<\/h2>\n\n\n\n<p>A gen-t \u00e9 uma startup de biotecnologia brasileira fundada em setembro de 2021 por Lygia Pereira. A empresa est\u00e1 dedicada a construir o maior e mais diversificado banco gen\u00e9tico privado da Am\u00e9rica Latina, com foco em promover a inclus\u00e3o gen\u00e9tica e a diversidade na pesquisa e desenvolvimento m\u00e9dico global.<br><\/p>\n","protected":false},"excerpt":{"rendered":"<p>Novo banco gen\u00e9tico brasileiro promove diversidade na medicina de precis\u00e3o atrav\u00e9s da miscigena\u00e7\u00e3o do DNA da popula\u00e7\u00e3o brasileira, unindo descendentes da \u00c1frica, da Europa e da popula\u00e7\u00e3o nativa brasileira A gen-t, startup brasileira l\u00edder em biotecnologia e que est\u00e1 construindo o maior e mais diverso banco gen\u00e9tico da Am\u00e9rica Latina, foi escolhida como uma das [&hellip;]<\/p>\n","protected":false},"author":11,"featured_media":430,"comment_status":"open","ping_status":"open","sticky":false,"template":"","format":"standard","meta":{"_acf_changed":false,"footnotes":""},"categories":[127,1],"tags":[],"class_list":["post-429","post","type-post","status-publish","format-standard","has-post-thumbnail","hentry","category-gen-t","category-nao-categorizado"],"acf":[],"yoast_head":"<!-- This site is optimized with the Yoast SEO plugin v27.4 - https:\/\/yoast.com\/product\/yoast-seo-wordpress\/ -->\n<title>gen-t representar\u00e1 o Brasil na BIO International Convention em San Diego<\/title>\n<meta name=\"description\" content=\"A gen-t foi escolhida como uma das 10 principais startups para participar da BIO International Convention 2024.\" \/>\n<meta name=\"robots\" content=\"index, follow, max-snippet:-1, max-image-preview:large, max-video-preview:-1\" \/>\n<link rel=\"canonical\" href=\"https:\/\/news.gen-t.science\/pt-br\/2024\/05\/gen-t-bio-international-convention-san-diego\/\" \/>\n<meta property=\"og:locale\" content=\"pt_BR\" \/>\n<meta property=\"og:type\" content=\"article\" \/>\n<meta property=\"og:title\" content=\"gen-t representar\u00e1 o Brasil na BIO International Convention em San Diego\" \/>\n<meta property=\"og:description\" content=\"A gen-t foi escolhida como uma das 10 principais startups para participar da BIO International Convention 2024.\" \/>\n<meta property=\"og:url\" content=\"https:\/\/news.gen-t.science\/pt-br\/2024\/05\/gen-t-bio-international-convention-san-diego\/\" \/>\n<meta property=\"og:site_name\" content=\"gen-t\" \/>\n<meta property=\"article:publisher\" content=\"https:\/\/www.facebook.com\/profile.php?id=100083140696452\" \/>\n<meta property=\"article:published_time\" content=\"2024-05-07T11:54:23+00:00\" \/>\n<meta property=\"article:modified_time\" content=\"2024-10-15T12:52:14+00:00\" \/>\n<meta property=\"og:image\" content=\"https:\/\/news.gen-t.science\/wp-content\/uploads\/2024\/10\/Captura-de-Tela-2024-10-15-as-09.18.20.png\" \/>\n\t<meta property=\"og:image:width\" content=\"1402\" \/>\n\t<meta property=\"og:image:height\" content=\"928\" \/>\n\t<meta property=\"og:image:type\" content=\"image\/png\" \/>\n<meta name=\"author\" content=\"Hellen\" \/>\n<meta name=\"twitter:card\" content=\"summary_large_image\" \/>\n<meta name=\"twitter:creator\" content=\"@gen_t_science\" \/>\n<meta name=\"twitter:site\" content=\"@gen_t_science\" \/>\n<meta name=\"twitter:label1\" content=\"Escrito por\" \/>\n\t<meta name=\"twitter:data1\" content=\"Hellen\" \/>\n\t<meta name=\"twitter:label2\" content=\"Est. tempo de leitura\" \/>\n\t<meta name=\"twitter:data2\" content=\"3 minutos\" \/>\n<script type=\"application\/ld+json\" class=\"yoast-schema-graph\">{\"@context\":\"https:\\\/\\\/schema.org\",\"@graph\":[{\"@type\":\"Article\",\"@id\":\"https:\\\/\\\/news.gen-t.science\\\/pt-br\\\/2024\\\/05\\\/gen-t-bio-international-convention-san-diego\\\/#article\",\"isPartOf\":{\"@id\":\"https:\\\/\\\/news.gen-t.science\\\/pt-br\\\/2024\\\/05\\\/gen-t-bio-international-convention-san-diego\\\/\"},\"author\":{\"name\":\"Hellen\",\"@id\":\"https:\\\/\\\/news.gen-t.science\\\/pt-br\\\/#\\\/schema\\\/person\\\/83a1c36c3e689c5643a3bc4d00d64033\"},\"headline\":\"gen-t representar\u00e1 o Brasil em inova\u00e7\u00e3o gen\u00e9tica na BIO International Convention em San Diego\",\"datePublished\":\"2024-05-07T11:54:23+00:00\",\"dateModified\":\"2024-10-15T12:52:14+00:00\",\"mainEntityOfPage\":{\"@id\":\"https:\\\/\\\/news.gen-t.science\\\/pt-br\\\/2024\\\/05\\\/gen-t-bio-international-convention-san-diego\\\/\"},\"wordCount\":545,\"commentCount\":0,\"publisher\":{\"@id\":\"https:\\\/\\\/news.gen-t.science\\\/pt-br\\\/#organization\"},\"image\":{\"@id\":\"https:\\\/\\\/news.gen-t.science\\\/pt-br\\\/2024\\\/05\\\/gen-t-bio-international-convention-san-diego\\\/#primaryimage\"},\"thumbnailUrl\":\"https:\\\/\\\/news.gen-t.science\\\/wp-content\\\/uploads\\\/2024\\\/10\\\/Captura-de-Tela-2024-10-15-as-09.18.20.png\",\"articleSection\":[\"gen-t\",\"N\u00e3o categorizado\"],\"inLanguage\":\"pt-BR\",\"potentialAction\":[{\"@type\":\"CommentAction\",\"name\":\"Comment\",\"target\":[\"https:\\\/\\\/news.gen-t.science\\\/pt-br\\\/2024\\\/05\\\/gen-t-bio-international-convention-san-diego\\\/#respond\"]}]},{\"@type\":\"WebPage\",\"@id\":\"https:\\\/\\\/news.gen-t.science\\\/pt-br\\\/2024\\\/05\\\/gen-t-bio-international-convention-san-diego\\\/\",\"url\":\"https:\\\/\\\/news.gen-t.science\\\/pt-br\\\/2024\\\/05\\\/gen-t-bio-international-convention-san-diego\\\/\",\"name\":\"gen-t representar\u00e1 o Brasil na BIO International Convention em San Diego\",\"isPartOf\":{\"@id\":\"https:\\\/\\\/news.gen-t.science\\\/pt-br\\\/#website\"},\"primaryImageOfPage\":{\"@id\":\"https:\\\/\\\/news.gen-t.science\\\/pt-br\\\/2024\\\/05\\\/gen-t-bio-international-convention-san-diego\\\/#primaryimage\"},\"image\":{\"@id\":\"https:\\\/\\\/news.gen-t.science\\\/pt-br\\\/2024\\\/05\\\/gen-t-bio-international-convention-san-diego\\\/#primaryimage\"},\"thumbnailUrl\":\"https:\\\/\\\/news.gen-t.science\\\/wp-content\\\/uploads\\\/2024\\\/10\\\/Captura-de-Tela-2024-10-15-as-09.18.20.png\",\"datePublished\":\"2024-05-07T11:54:23+00:00\",\"dateModified\":\"2024-10-15T12:52:14+00:00\",\"description\":\"A gen-t foi escolhida como uma das 10 principais startups para participar da BIO International Convention 2024.\",\"breadcrumb\":{\"@id\":\"https:\\\/\\\/news.gen-t.science\\\/pt-br\\\/2024\\\/05\\\/gen-t-bio-international-convention-san-diego\\\/#breadcrumb\"},\"inLanguage\":\"pt-BR\",\"potentialAction\":[{\"@type\":\"ReadAction\",\"target\":[\"https:\\\/\\\/news.gen-t.science\\\/pt-br\\\/2024\\\/05\\\/gen-t-bio-international-convention-san-diego\\\/\"]}]},{\"@type\":\"ImageObject\",\"inLanguage\":\"pt-BR\",\"@id\":\"https:\\\/\\\/news.gen-t.science\\\/pt-br\\\/2024\\\/05\\\/gen-t-bio-international-convention-san-diego\\\/#primaryimage\",\"url\":\"https:\\\/\\\/news.gen-t.science\\\/wp-content\\\/uploads\\\/2024\\\/10\\\/Captura-de-Tela-2024-10-15-as-09.18.20.png\",\"contentUrl\":\"https:\\\/\\\/news.gen-t.science\\\/wp-content\\\/uploads\\\/2024\\\/10\\\/Captura-de-Tela-2024-10-15-as-09.18.20.png\",\"width\":\"1402\",\"height\":\"928\"},{\"@type\":\"BreadcrumbList\",\"@id\":\"https:\\\/\\\/news.gen-t.science\\\/pt-br\\\/2024\\\/05\\\/gen-t-bio-international-convention-san-diego\\\/#breadcrumb\",\"itemListElement\":[{\"@type\":\"ListItem\",\"position\":1,\"name\":\"In\u00edcio\",\"item\":\"https:\\\/\\\/news.gen-t.science\\\/pt-br\\\/\"},{\"@type\":\"ListItem\",\"position\":2,\"name\":\"gen-t representar\u00e1 o Brasil em inova\u00e7\u00e3o gen\u00e9tica na BIO International Convention em San Diego\"}]},{\"@type\":\"WebSite\",\"@id\":\"https:\\\/\\\/news.gen-t.science\\\/pt-br\\\/#website\",\"url\":\"https:\\\/\\\/news.gen-t.science\\\/pt-br\\\/\",\"name\":\"gen-t\",\"description\":\"Humanidade com ci\u00eancia\",\"publisher\":{\"@id\":\"https:\\\/\\\/news.gen-t.science\\\/pt-br\\\/#organization\"},\"potentialAction\":[{\"@type\":\"SearchAction\",\"target\":{\"@type\":\"EntryPoint\",\"urlTemplate\":\"https:\\\/\\\/news.gen-t.science\\\/pt-br\\\/?s={search_term_string}\"},\"query-input\":{\"@type\":\"PropertyValueSpecification\",\"valueRequired\":true,\"valueName\":\"search_term_string\"}}],\"inLanguage\":\"pt-BR\"},{\"@type\":\"Organization\",\"@id\":\"https:\\\/\\\/news.gen-t.science\\\/pt-br\\\/#organization\",\"name\":\"gen-t\",\"url\":\"https:\\\/\\\/news.gen-t.science\\\/pt-br\\\/\",\"logo\":{\"@type\":\"ImageObject\",\"inLanguage\":\"pt-BR\",\"@id\":\"https:\\\/\\\/news.gen-t.science\\\/pt-br\\\/#\\\/schema\\\/logo\\\/image\\\/\",\"url\":\"https:\\\/\\\/blog.gen-t.science\\\/wp-content\\\/uploads\\\/2022\\\/09\\\/logo-gen-t-humanidade-com-ciencia-genetica-genomica-gente_.jpg\",\"contentUrl\":\"https:\\\/\\\/blog.gen-t.science\\\/wp-content\\\/uploads\\\/2022\\\/09\\\/logo-gen-t-humanidade-com-ciencia-genetica-genomica-gente_.jpg\",\"width\":\"1381\",\"height\":\"633\",\"caption\":\"gen-t\"},\"image\":{\"@id\":\"https:\\\/\\\/news.gen-t.science\\\/pt-br\\\/#\\\/schema\\\/logo\\\/image\\\/\"},\"sameAs\":[\"https:\\\/\\\/www.facebook.com\\\/profile.php?id=100083140696452\",\"https:\\\/\\\/x.com\\\/gen_t_science\",\"https:\\\/\\\/www.instagram.com\\\/gen_t.science\\\/\",\"https:\\\/\\\/www.linkedin.com\\\/company\\\/gen-t-science\\\/\",\"https:\\\/\\\/www.youtube.com\\\/channel\\\/UCViOWuQ8WwEbrPQLPFCy_ew\\\/\"]},{\"@type\":\"Person\",\"@id\":\"https:\\\/\\\/news.gen-t.science\\\/pt-br\\\/#\\\/schema\\\/person\\\/83a1c36c3e689c5643a3bc4d00d64033\",\"name\":\"Hellen\",\"image\":{\"@type\":\"ImageObject\",\"inLanguage\":\"pt-BR\",\"@id\":\"https:\\\/\\\/secure.gravatar.com\\\/avatar\\\/f41027262da44211cc25ee8fbedce2d8eaf776ef1708e2db8f008ae530879c5a?s=96&d=mm&r=g\",\"url\":\"https:\\\/\\\/secure.gravatar.com\\\/avatar\\\/f41027262da44211cc25ee8fbedce2d8eaf776ef1708e2db8f008ae530879c5a?s=96&d=mm&r=g\",\"contentUrl\":\"https:\\\/\\\/secure.gravatar.com\\\/avatar\\\/f41027262da44211cc25ee8fbedce2d8eaf776ef1708e2db8f008ae530879c5a?s=96&d=mm&r=g\",\"caption\":\"Hellen\"},\"url\":\"https:\\\/\\\/news.gen-t.science\\\/pt-br\\\/author\\\/hellen\\\/\"}]}<\/script>\n<!-- \/ Yoast SEO plugin. -->","yoast_head_json":{"title":"gen-t representar\u00e1 o Brasil na BIO International Convention em San Diego","description":"A gen-t foi escolhida como uma das 10 principais startups para participar da BIO International Convention 2024.","robots":{"index":"index","follow":"follow","max-snippet":"max-snippet:-1","max-image-preview":"max-image-preview:large","max-video-preview":"max-video-preview:-1"},"canonical":"https:\/\/news.gen-t.science\/pt-br\/2024\/05\/gen-t-bio-international-convention-san-diego\/","og_locale":"pt_BR","og_type":"article","og_title":"gen-t representar\u00e1 o Brasil na BIO International Convention em San Diego","og_description":"A gen-t foi escolhida como uma das 10 principais startups para participar da BIO International Convention 2024.","og_url":"https:\/\/news.gen-t.science\/pt-br\/2024\/05\/gen-t-bio-international-convention-san-diego\/","og_site_name":"gen-t","article_publisher":"https:\/\/www.facebook.com\/profile.php?id=100083140696452","article_published_time":"2024-05-07T11:54:23+00:00","article_modified_time":"2024-10-15T12:52:14+00:00","og_image":[{"width":1402,"height":928,"url":"https:\/\/news.gen-t.science\/wp-content\/uploads\/2024\/10\/Captura-de-Tela-2024-10-15-as-09.18.20.png","type":"image\/png"}],"author":"Hellen","twitter_card":"summary_large_image","twitter_creator":"@gen_t_science","twitter_site":"@gen_t_science","twitter_misc":{"Escrito por":"Hellen","Est. tempo de leitura":"3 minutos"},"schema":{"@context":"https:\/\/schema.org","@graph":[{"@type":"Article","@id":"https:\/\/news.gen-t.science\/pt-br\/2024\/05\/gen-t-bio-international-convention-san-diego\/#article","isPartOf":{"@id":"https:\/\/news.gen-t.science\/pt-br\/2024\/05\/gen-t-bio-international-convention-san-diego\/"},"author":{"name":"Hellen","@id":"https:\/\/news.gen-t.science\/pt-br\/#\/schema\/person\/83a1c36c3e689c5643a3bc4d00d64033"},"headline":"gen-t representar\u00e1 o Brasil em inova\u00e7\u00e3o gen\u00e9tica na BIO International Convention em San Diego","datePublished":"2024-05-07T11:54:23+00:00","dateModified":"2024-10-15T12:52:14+00:00","mainEntityOfPage":{"@id":"https:\/\/news.gen-t.science\/pt-br\/2024\/05\/gen-t-bio-international-convention-san-diego\/"},"wordCount":545,"commentCount":0,"publisher":{"@id":"https:\/\/news.gen-t.science\/pt-br\/#organization"},"image":{"@id":"https:\/\/news.gen-t.science\/pt-br\/2024\/05\/gen-t-bio-international-convention-san-diego\/#primaryimage"},"thumbnailUrl":"https:\/\/news.gen-t.science\/wp-content\/uploads\/2024\/10\/Captura-de-Tela-2024-10-15-as-09.18.20.png","articleSection":["gen-t","N\u00e3o categorizado"],"inLanguage":"pt-BR","potentialAction":[{"@type":"CommentAction","name":"Comment","target":["https:\/\/news.gen-t.science\/pt-br\/2024\/05\/gen-t-bio-international-convention-san-diego\/#respond"]}]},{"@type":"WebPage","@id":"https:\/\/news.gen-t.science\/pt-br\/2024\/05\/gen-t-bio-international-convention-san-diego\/","url":"https:\/\/news.gen-t.science\/pt-br\/2024\/05\/gen-t-bio-international-convention-san-diego\/","name":"gen-t representar\u00e1 o Brasil na BIO International Convention em San Diego","isPartOf":{"@id":"https:\/\/news.gen-t.science\/pt-br\/#website"},"primaryImageOfPage":{"@id":"https:\/\/news.gen-t.science\/pt-br\/2024\/05\/gen-t-bio-international-convention-san-diego\/#primaryimage"},"image":{"@id":"https:\/\/news.gen-t.science\/pt-br\/2024\/05\/gen-t-bio-international-convention-san-diego\/#primaryimage"},"thumbnailUrl":"https:\/\/news.gen-t.science\/wp-content\/uploads\/2024\/10\/Captura-de-Tela-2024-10-15-as-09.18.20.png","datePublished":"2024-05-07T11:54:23+00:00","dateModified":"2024-10-15T12:52:14+00:00","description":"A gen-t foi escolhida como uma das 10 principais startups para participar da BIO International Convention 2024.","breadcrumb":{"@id":"https:\/\/news.gen-t.science\/pt-br\/2024\/05\/gen-t-bio-international-convention-san-diego\/#breadcrumb"},"inLanguage":"pt-BR","potentialAction":[{"@type":"ReadAction","target":["https:\/\/news.gen-t.science\/pt-br\/2024\/05\/gen-t-bio-international-convention-san-diego\/"]}]},{"@type":"ImageObject","inLanguage":"pt-BR","@id":"https:\/\/news.gen-t.science\/pt-br\/2024\/05\/gen-t-bio-international-convention-san-diego\/#primaryimage","url":"https:\/\/news.gen-t.science\/wp-content\/uploads\/2024\/10\/Captura-de-Tela-2024-10-15-as-09.18.20.png","contentUrl":"https:\/\/news.gen-t.science\/wp-content\/uploads\/2024\/10\/Captura-de-Tela-2024-10-15-as-09.18.20.png","width":"1402","height":"928"},{"@type":"BreadcrumbList","@id":"https:\/\/news.gen-t.science\/pt-br\/2024\/05\/gen-t-bio-international-convention-san-diego\/#breadcrumb","itemListElement":[{"@type":"ListItem","position":1,"name":"In\u00edcio","item":"https:\/\/news.gen-t.science\/pt-br\/"},{"@type":"ListItem","position":2,"name":"gen-t representar\u00e1 o Brasil em inova\u00e7\u00e3o gen\u00e9tica na BIO International Convention em San Diego"}]},{"@type":"WebSite","@id":"https:\/\/news.gen-t.science\/pt-br\/#website","url":"https:\/\/news.gen-t.science\/pt-br\/","name":"gen-t","description":"Humanidade com ci\u00eancia","publisher":{"@id":"https:\/\/news.gen-t.science\/pt-br\/#organization"},"potentialAction":[{"@type":"SearchAction","target":{"@type":"EntryPoint","urlTemplate":"https:\/\/news.gen-t.science\/pt-br\/?s={search_term_string}"},"query-input":{"@type":"PropertyValueSpecification","valueRequired":true,"valueName":"search_term_string"}}],"inLanguage":"pt-BR"},{"@type":"Organization","@id":"https:\/\/news.gen-t.science\/pt-br\/#organization","name":"gen-t","url":"https:\/\/news.gen-t.science\/pt-br\/","logo":{"@type":"ImageObject","inLanguage":"pt-BR","@id":"https:\/\/news.gen-t.science\/pt-br\/#\/schema\/logo\/image\/","url":"https:\/\/blog.gen-t.science\/wp-content\/uploads\/2022\/09\/logo-gen-t-humanidade-com-ciencia-genetica-genomica-gente_.jpg","contentUrl":"https:\/\/blog.gen-t.science\/wp-content\/uploads\/2022\/09\/logo-gen-t-humanidade-com-ciencia-genetica-genomica-gente_.jpg","width":"1381","height":"633","caption":"gen-t"},"image":{"@id":"https:\/\/news.gen-t.science\/pt-br\/#\/schema\/logo\/image\/"},"sameAs":["https:\/\/www.facebook.com\/profile.php?id=100083140696452","https:\/\/x.com\/gen_t_science","https:\/\/www.instagram.com\/gen_t.science\/","https:\/\/www.linkedin.com\/company\/gen-t-science\/","https:\/\/www.youtube.com\/channel\/UCViOWuQ8WwEbrPQLPFCy_ew\/"]},{"@type":"Person","@id":"https:\/\/news.gen-t.science\/pt-br\/#\/schema\/person\/83a1c36c3e689c5643a3bc4d00d64033","name":"Hellen","image":{"@type":"ImageObject","inLanguage":"pt-BR","@id":"https:\/\/secure.gravatar.com\/avatar\/f41027262da44211cc25ee8fbedce2d8eaf776ef1708e2db8f008ae530879c5a?s=96&d=mm&r=g","url":"https:\/\/secure.gravatar.com\/avatar\/f41027262da44211cc25ee8fbedce2d8eaf776ef1708e2db8f008ae530879c5a?s=96&d=mm&r=g","contentUrl":"https:\/\/secure.gravatar.com\/avatar\/f41027262da44211cc25ee8fbedce2d8eaf776ef1708e2db8f008ae530879c5a?s=96&d=mm&r=g","caption":"Hellen"},"url":"https:\/\/news.gen-t.science\/pt-br\/author\/hellen\/"}]}},"_links":{"self":[{"href":"https:\/\/news.gen-t.science\/pt-br\/wp-json\/wp\/v2\/posts\/429","targetHints":{"allow":["GET"]}}],"collection":[{"href":"https:\/\/news.gen-t.science\/pt-br\/wp-json\/wp\/v2\/posts"}],"about":[{"href":"https:\/\/news.gen-t.science\/pt-br\/wp-json\/wp\/v2\/types\/post"}],"author":[{"embeddable":true,"href":"https:\/\/news.gen-t.science\/pt-br\/wp-json\/wp\/v2\/users\/11"}],"replies":[{"embeddable":true,"href":"https:\/\/news.gen-t.science\/pt-br\/wp-json\/wp\/v2\/comments?post=429"}],"version-history":[{"count":1,"href":"https:\/\/news.gen-t.science\/pt-br\/wp-json\/wp\/v2\/posts\/429\/revisions"}],"predecessor-version":[{"id":432,"href":"https:\/\/news.gen-t.science\/pt-br\/wp-json\/wp\/v2\/posts\/429\/revisions\/432"}],"wp:featuredmedia":[{"embeddable":true,"href":"https:\/\/news.gen-t.science\/pt-br\/wp-json\/wp\/v2\/media\/430"}],"wp:attachment":[{"href":"https:\/\/news.gen-t.science\/pt-br\/wp-json\/wp\/v2\/media?parent=429"}],"wp:term":[{"taxonomy":"category","embeddable":true,"href":"https:\/\/news.gen-t.science\/pt-br\/wp-json\/wp\/v2\/categories?post=429"},{"taxonomy":"post_tag","embeddable":true,"href":"https:\/\/news.gen-t.science\/pt-br\/wp-json\/wp\/v2\/tags?post=429"}],"curies":[{"name":"wp","href":"https:\/\/api.w.org\/{rel}","templated":true}]}}