{"id":423,"date":"2024-06-27T08:43:49","date_gmt":"2024-06-27T11:43:49","guid":{"rendered":"https:\/\/news.gen-t.science\/?p=423"},"modified":"2024-10-15T08:53:00","modified_gmt":"2024-10-15T11:53:00","slug":"gen-t-quilombo-itatiba","status":"publish","type":"post","link":"https:\/\/news.gen-t.science\/pt-br\/2024\/06\/gen-t-quilombo-itatiba\/","title":{"rendered":"Gen-t mapeia dados gen\u00e9ticos de Quilombo Brotas para ampliar inclus\u00e3o e diversidade no maior biobanco da Am\u00e9rica Latina"},"content":{"rendered":"\n<h3 class=\"wp-block-heading\"><em>A comunidade do Quilombo Brotas (SP) vai participar, no s\u00e1bado, 13 de julho, de uma a\u00e7\u00e3o com o objetivo de incorporar a diversidade gen\u00e9tica dos povos quilombolas ao maior e mais diverso biobanco da Am\u00e9rica Latina<\/em><\/h3>\n\n\n\n<p>A startup brasileira gen-t est\u00e1 organizando uma a\u00e7\u00e3o especial no Quilombro Brotas, em Itatiba. A a\u00e7\u00e3o faz parte do projeto gen-t do Brasil, dirigido pela professora Lygia Pereira, titular de Gen\u00e9tica Humana na Universidade de S\u00e3o Paulo (USP) e CEO da gen-t, startup de biotecnologia que est\u00e1 construindo uma plataforma com dados gen\u00f4micos e de sa\u00fade para fomentar pesquisa e inova\u00e7\u00e3o a partir da diversidade gen\u00f4mica da popula\u00e7\u00e3o brasileira.<\/p>\n\n\n\n<p>O Quilombo Brotas, reconhecido como o primeiro quilombo urbano do Brasil, \u00e9 um s\u00edmbolo de resist\u00eancia e cultura. A a\u00e7\u00e3o da gen-t visa coletar dados gen\u00e9ticos dos residentes quilombolas, promovendo uma representa\u00e7\u00e3o mais inclusiva e diversificada da popula\u00e7\u00e3o brasileira no campo da pesquisa gen\u00f4mica. Esta iniciativa \u00e9 um passo crucial para garantir que os benef\u00edcios da medicina de precis\u00e3o sejam amplamente distribu\u00eddos e acess\u00edveis a todas as etnias.<\/p>\n\n\n\n<p>&#8220;\u00c9 uma honra para n\u00f3s da Gen-t colaborar com o Quilombo Brotas, um marco hist\u00f3rico de resist\u00eancia e cultura no Brasil. Incorporar a diversidade gen\u00e9tica quilombola ao nosso biobanco \u00e9 fundamental para promover a inclus\u00e3o e a inova\u00e7\u00e3o na sa\u00fade&#8221;, disse Lygia Pereira, fundadora e CEO da Gen-t.<\/p>\n\n\n\n<h2 class=\"wp-block-heading\">Projeto traz diversidade do Brasil para inova\u00e7\u00e3o na pesquisa e medicina de precis\u00e3o<\/h2>\n\n\n\n<p>O objetivo do projeto gen-t do Brasil \u00e9 recrutar, em quatro anos, 200 mil volunt\u00e1rios de diferentes regi\u00f5es do pa\u00eds, que compartilhar\u00e3o seus dados de sa\u00fade e comportamentais, e doar\u00e3o sangue para armazenamento de plasma e sequenciamento de DNA.&nbsp;<\/p>\n\n\n\n<p>\u201cAs descobertas do projeto podem se traduzir no desenvolvimento de novos medicamentos mais eficazes, mais espec\u00edficos e mais inteligentes. E o melhor de tudo: este n\u00e3o \u00e9 um benef\u00edcio para o indiv\u00edduo, \u00e9 um benef\u00edcio para todos\u201d, explica Lygia Pereira, CEO da gen-t e professora titular de Gen\u00e9tica Humana na Universidade de S\u00e3o Paulo (USP).<\/p>\n\n\n\n<p>Todos os participantes ser\u00e3o acompanhados durante cinco anos, com a realiza\u00e7\u00e3o de diversos exames laboratoriais \u2013&nbsp; como hemograma completo, avalia\u00e7\u00e3o do colesterol e exames para diabetes \u2013, al\u00e9m de aferi\u00e7\u00e3o da press\u00e3o arterial, mapeamento da frequ\u00eancia card\u00edaca e an\u00e1lise do \u00cdndice de Massa Corporal (IMC) e da circunfer\u00eancia abdominal.&nbsp;<\/p>\n\n\n\n<h2 class=\"wp-block-heading\">Plataforma gen-t<\/h2>\n\n\n\n<p>A plataforma gen-t ser\u00e1 o maior banco de dados de variantes gen\u00e9ticas numa popula\u00e7\u00e3o da Am\u00e9rica Latina. Isso ir\u00e1 contribuir de maneira significativa no desenvolvimento de projetos envolvendo novos f\u00e1rmacos, gen\u00e9tica m\u00e9dica, gen\u00e9tica de popula\u00e7\u00f5es, farmacogen\u00e9tica e medicina de precis\u00e3o.<\/p>\n\n\n\n<p>Al\u00e9m disso, o banco ter\u00e1 impacto internacional por se tratar da primeira popula\u00e7\u00e3o humana altamente miscigenada e ao mesmo tempo negligenciada nos grandes estudos gen\u00f4micos atuais a ser sequenciada.<\/p>\n\n\n\n<p>O projeto passou por Vinhedo (SP), Monte Si\u00e3o (MG), Engenheiro Coelho (SP), Hortol\u00e2ndia (SP) e um piloto em Manacapuru (AM). At\u00e9 o momento, foram recrutados 9,5 mil participantes.<\/p>\n\n\n\n<h2 class=\"wp-block-heading\">Sobre a gen-t<\/h2>\n\n\n\n<p>A Gen-t \u00e9 uma startup brasileira de biotecnologia dedicada a construir o maior e mais diverso biobanco privado da Am\u00e9rica Latina. Fundada por Lygia Pereira, a empresa tem como miss\u00e3o promover a inclus\u00e3o e a diversidade gen\u00f4mica na medicina de precis\u00e3o, acelerando a inova\u00e7\u00e3o no setor de sa\u00fade.<\/p>\n\n\n\n<p>Para mais informa\u00e7\u00f5es, por favor, visite nosso site em<a href=\"http:\/\/www.gen-t.science\"> www.gen-t.science<\/a>. <\/p>\n\n\n\n<h2 class=\"wp-block-heading\">Servi\u00e7o\u00a0<\/h2>\n\n\n\n<p>Quilombo Brotas<br>R. Filomena Zupardo, 795 &#8211; Jardim Santa Filomena, Itatiba<br>Data: 13 de julho (s\u00e1bado) de 7h \u00e0s 12, no dia 13 de julho, um s\u00e1bado&nbsp;<\/p>\n","protected":false},"excerpt":{"rendered":"<p>A comunidade do Quilombo Brotas (SP) vai participar, no s\u00e1bado, 13 de julho, de uma a\u00e7\u00e3o com o objetivo de incorporar a diversidade gen\u00e9tica dos povos quilombolas ao maior e mais diverso biobanco da Am\u00e9rica Latina A startup brasileira gen-t est\u00e1 organizando uma a\u00e7\u00e3o especial no Quilombro Brotas, em Itatiba. A a\u00e7\u00e3o faz parte do [&hellip;]<\/p>\n","protected":false},"author":11,"featured_media":424,"comment_status":"open","ping_status":"open","sticky":false,"template":"","format":"standard","meta":{"_acf_changed":false,"footnotes":""},"categories":[133],"tags":[],"class_list":["post-423","post","type-post","status-publish","format-standard","has-post-thumbnail","hentry","category-gen-t-pt-br"],"acf":[],"yoast_head":"<!-- This site is optimized with the Yoast SEO plugin v27.5 - https:\/\/yoast.com\/product\/yoast-seo-wordpress\/ -->\n<title>Gen-t mapeia dados gen\u00e9ticos de Quilombo Brotas, em Itatiba<\/title>\n<meta name=\"description\" content=\"A a\u00e7\u00e3o da gen-t visa promover uma representa\u00e7\u00e3o mais inclusiva e diversificada da popula\u00e7\u00e3o brasileira no campo da pesquisa gen\u00f4mica.\" \/>\n<meta name=\"robots\" content=\"index, follow, max-snippet:-1, max-image-preview:large, max-video-preview:-1\" \/>\n<link rel=\"canonical\" href=\"https:\/\/news.gen-t.science\/pt-br\/2024\/06\/gen-t-quilombo-itatiba\/\" \/>\n<meta property=\"og:locale\" content=\"pt_BR\" \/>\n<meta property=\"og:type\" content=\"article\" \/>\n<meta property=\"og:title\" content=\"Gen-t mapeia dados gen\u00e9ticos de Quilombo Brotas, em Itatiba\" \/>\n<meta property=\"og:description\" content=\"A a\u00e7\u00e3o da gen-t visa promover uma representa\u00e7\u00e3o mais inclusiva e diversificada da popula\u00e7\u00e3o brasileira no campo da pesquisa gen\u00f4mica.\" \/>\n<meta property=\"og:url\" content=\"https:\/\/news.gen-t.science\/pt-br\/2024\/06\/gen-t-quilombo-itatiba\/\" \/>\n<meta property=\"og:site_name\" content=\"gen-t\" \/>\n<meta property=\"article:publisher\" content=\"https:\/\/www.facebook.com\/profile.php?id=100083140696452\" \/>\n<meta property=\"article:published_time\" content=\"2024-06-27T11:43:49+00:00\" \/>\n<meta property=\"article:modified_time\" content=\"2024-10-15T11:53:00+00:00\" \/>\n<meta property=\"og:image\" content=\"https:\/\/news.gen-t.science\/wp-content\/uploads\/2024\/10\/KSP03361-scaled.jpg\" \/>\n\t<meta property=\"og:image:width\" content=\"2560\" \/>\n\t<meta property=\"og:image:height\" content=\"1440\" \/>\n\t<meta property=\"og:image:type\" content=\"image\/jpeg\" \/>\n<meta name=\"author\" content=\"Hellen\" \/>\n<meta name=\"twitter:card\" content=\"summary_large_image\" \/>\n<meta name=\"twitter:creator\" content=\"@gen_t_science\" \/>\n<meta name=\"twitter:site\" content=\"@gen_t_science\" \/>\n<meta name=\"twitter:label1\" content=\"Escrito por\" \/>\n\t<meta name=\"twitter:data1\" content=\"Hellen\" \/>\n\t<meta name=\"twitter:label2\" content=\"Est. tempo de leitura\" \/>\n\t<meta name=\"twitter:data2\" content=\"3 minutos\" \/>\n<script type=\"application\/ld+json\" class=\"yoast-schema-graph\">{\"@context\":\"https:\\\/\\\/schema.org\",\"@graph\":[{\"@type\":\"Article\",\"@id\":\"https:\\\/\\\/news.gen-t.science\\\/pt-br\\\/2024\\\/06\\\/gen-t-quilombo-itatiba\\\/#article\",\"isPartOf\":{\"@id\":\"https:\\\/\\\/news.gen-t.science\\\/pt-br\\\/2024\\\/06\\\/gen-t-quilombo-itatiba\\\/\"},\"author\":{\"name\":\"Hellen\",\"@id\":\"https:\\\/\\\/news.gen-t.science\\\/pt-br\\\/#\\\/schema\\\/person\\\/83a1c36c3e689c5643a3bc4d00d64033\"},\"headline\":\"Gen-t mapeia dados gen\u00e9ticos de Quilombo Brotas para ampliar inclus\u00e3o e diversidade no maior biobanco da Am\u00e9rica Latina\",\"datePublished\":\"2024-06-27T11:43:49+00:00\",\"dateModified\":\"2024-10-15T11:53:00+00:00\",\"mainEntityOfPage\":{\"@id\":\"https:\\\/\\\/news.gen-t.science\\\/pt-br\\\/2024\\\/06\\\/gen-t-quilombo-itatiba\\\/\"},\"wordCount\":655,\"commentCount\":0,\"publisher\":{\"@id\":\"https:\\\/\\\/news.gen-t.science\\\/pt-br\\\/#organization\"},\"image\":{\"@id\":\"https:\\\/\\\/news.gen-t.science\\\/pt-br\\\/2024\\\/06\\\/gen-t-quilombo-itatiba\\\/#primaryimage\"},\"thumbnailUrl\":\"https:\\\/\\\/news.gen-t.science\\\/wp-content\\\/uploads\\\/2024\\\/10\\\/KSP03361-scaled.jpg\",\"articleSection\":[\"gen-t\"],\"inLanguage\":\"pt-BR\",\"potentialAction\":[{\"@type\":\"CommentAction\",\"name\":\"Comment\",\"target\":[\"https:\\\/\\\/news.gen-t.science\\\/pt-br\\\/2024\\\/06\\\/gen-t-quilombo-itatiba\\\/#respond\"]}]},{\"@type\":\"WebPage\",\"@id\":\"https:\\\/\\\/news.gen-t.science\\\/pt-br\\\/2024\\\/06\\\/gen-t-quilombo-itatiba\\\/\",\"url\":\"https:\\\/\\\/news.gen-t.science\\\/pt-br\\\/2024\\\/06\\\/gen-t-quilombo-itatiba\\\/\",\"name\":\"Gen-t mapeia dados gen\u00e9ticos de Quilombo Brotas, em Itatiba\",\"isPartOf\":{\"@id\":\"https:\\\/\\\/news.gen-t.science\\\/pt-br\\\/#website\"},\"primaryImageOfPage\":{\"@id\":\"https:\\\/\\\/news.gen-t.science\\\/pt-br\\\/2024\\\/06\\\/gen-t-quilombo-itatiba\\\/#primaryimage\"},\"image\":{\"@id\":\"https:\\\/\\\/news.gen-t.science\\\/pt-br\\\/2024\\\/06\\\/gen-t-quilombo-itatiba\\\/#primaryimage\"},\"thumbnailUrl\":\"https:\\\/\\\/news.gen-t.science\\\/wp-content\\\/uploads\\\/2024\\\/10\\\/KSP03361-scaled.jpg\",\"datePublished\":\"2024-06-27T11:43:49+00:00\",\"dateModified\":\"2024-10-15T11:53:00+00:00\",\"description\":\"A a\u00e7\u00e3o da gen-t visa promover uma representa\u00e7\u00e3o mais inclusiva e diversificada da popula\u00e7\u00e3o brasileira no campo da pesquisa gen\u00f4mica.\",\"breadcrumb\":{\"@id\":\"https:\\\/\\\/news.gen-t.science\\\/pt-br\\\/2024\\\/06\\\/gen-t-quilombo-itatiba\\\/#breadcrumb\"},\"inLanguage\":\"pt-BR\",\"potentialAction\":[{\"@type\":\"ReadAction\",\"target\":[\"https:\\\/\\\/news.gen-t.science\\\/pt-br\\\/2024\\\/06\\\/gen-t-quilombo-itatiba\\\/\"]}]},{\"@type\":\"ImageObject\",\"inLanguage\":\"pt-BR\",\"@id\":\"https:\\\/\\\/news.gen-t.science\\\/pt-br\\\/2024\\\/06\\\/gen-t-quilombo-itatiba\\\/#primaryimage\",\"url\":\"https:\\\/\\\/news.gen-t.science\\\/wp-content\\\/uploads\\\/2024\\\/10\\\/KSP03361-scaled.jpg\",\"contentUrl\":\"https:\\\/\\\/news.gen-t.science\\\/wp-content\\\/uploads\\\/2024\\\/10\\\/KSP03361-scaled.jpg\",\"width\":\"2560\",\"height\":\"1440\"},{\"@type\":\"BreadcrumbList\",\"@id\":\"https:\\\/\\\/news.gen-t.science\\\/pt-br\\\/2024\\\/06\\\/gen-t-quilombo-itatiba\\\/#breadcrumb\",\"itemListElement\":[{\"@type\":\"ListItem\",\"position\":1,\"name\":\"In\u00edcio\",\"item\":\"https:\\\/\\\/news.gen-t.science\\\/pt-br\\\/\"},{\"@type\":\"ListItem\",\"position\":2,\"name\":\"Gen-t mapeia dados gen\u00e9ticos de Quilombo Brotas para ampliar inclus\u00e3o e diversidade no maior biobanco da Am\u00e9rica Latina\"}]},{\"@type\":\"WebSite\",\"@id\":\"https:\\\/\\\/news.gen-t.science\\\/pt-br\\\/#website\",\"url\":\"https:\\\/\\\/news.gen-t.science\\\/pt-br\\\/\",\"name\":\"gen-t\",\"description\":\"Humanidade com ci\u00eancia\",\"publisher\":{\"@id\":\"https:\\\/\\\/news.gen-t.science\\\/pt-br\\\/#organization\"},\"potentialAction\":[{\"@type\":\"SearchAction\",\"target\":{\"@type\":\"EntryPoint\",\"urlTemplate\":\"https:\\\/\\\/news.gen-t.science\\\/pt-br\\\/?s={search_term_string}\"},\"query-input\":{\"@type\":\"PropertyValueSpecification\",\"valueRequired\":true,\"valueName\":\"search_term_string\"}}],\"inLanguage\":\"pt-BR\"},{\"@type\":\"Organization\",\"@id\":\"https:\\\/\\\/news.gen-t.science\\\/pt-br\\\/#organization\",\"name\":\"gen-t\",\"url\":\"https:\\\/\\\/news.gen-t.science\\\/pt-br\\\/\",\"logo\":{\"@type\":\"ImageObject\",\"inLanguage\":\"pt-BR\",\"@id\":\"https:\\\/\\\/news.gen-t.science\\\/pt-br\\\/#\\\/schema\\\/logo\\\/image\\\/\",\"url\":\"https:\\\/\\\/blog.gen-t.science\\\/wp-content\\\/uploads\\\/2022\\\/09\\\/logo-gen-t-humanidade-com-ciencia-genetica-genomica-gente_.jpg\",\"contentUrl\":\"https:\\\/\\\/blog.gen-t.science\\\/wp-content\\\/uploads\\\/2022\\\/09\\\/logo-gen-t-humanidade-com-ciencia-genetica-genomica-gente_.jpg\",\"width\":\"1381\",\"height\":\"633\",\"caption\":\"gen-t\"},\"image\":{\"@id\":\"https:\\\/\\\/news.gen-t.science\\\/pt-br\\\/#\\\/schema\\\/logo\\\/image\\\/\"},\"sameAs\":[\"https:\\\/\\\/www.facebook.com\\\/profile.php?id=100083140696452\",\"https:\\\/\\\/x.com\\\/gen_t_science\",\"https:\\\/\\\/www.instagram.com\\\/gen_t.science\\\/\",\"https:\\\/\\\/www.linkedin.com\\\/company\\\/gen-t-science\\\/\",\"https:\\\/\\\/www.youtube.com\\\/channel\\\/UCViOWuQ8WwEbrPQLPFCy_ew\\\/\"]},{\"@type\":\"Person\",\"@id\":\"https:\\\/\\\/news.gen-t.science\\\/pt-br\\\/#\\\/schema\\\/person\\\/83a1c36c3e689c5643a3bc4d00d64033\",\"name\":\"Hellen\",\"image\":{\"@type\":\"ImageObject\",\"inLanguage\":\"pt-BR\",\"@id\":\"https:\\\/\\\/secure.gravatar.com\\\/avatar\\\/f41027262da44211cc25ee8fbedce2d8eaf776ef1708e2db8f008ae530879c5a?s=96&d=mm&r=g\",\"url\":\"https:\\\/\\\/secure.gravatar.com\\\/avatar\\\/f41027262da44211cc25ee8fbedce2d8eaf776ef1708e2db8f008ae530879c5a?s=96&d=mm&r=g\",\"contentUrl\":\"https:\\\/\\\/secure.gravatar.com\\\/avatar\\\/f41027262da44211cc25ee8fbedce2d8eaf776ef1708e2db8f008ae530879c5a?s=96&d=mm&r=g\",\"caption\":\"Hellen\"},\"url\":\"https:\\\/\\\/news.gen-t.science\\\/pt-br\\\/author\\\/hellen\\\/\"}]}<\/script>\n<!-- \/ Yoast SEO plugin. -->","yoast_head_json":{"title":"Gen-t mapeia dados gen\u00e9ticos de Quilombo Brotas, em Itatiba","description":"A a\u00e7\u00e3o da gen-t visa promover uma representa\u00e7\u00e3o mais inclusiva e diversificada da popula\u00e7\u00e3o brasileira no campo da pesquisa gen\u00f4mica.","robots":{"index":"index","follow":"follow","max-snippet":"max-snippet:-1","max-image-preview":"max-image-preview:large","max-video-preview":"max-video-preview:-1"},"canonical":"https:\/\/news.gen-t.science\/pt-br\/2024\/06\/gen-t-quilombo-itatiba\/","og_locale":"pt_BR","og_type":"article","og_title":"Gen-t mapeia dados gen\u00e9ticos de Quilombo Brotas, em Itatiba","og_description":"A a\u00e7\u00e3o da gen-t visa promover uma representa\u00e7\u00e3o mais inclusiva e diversificada da popula\u00e7\u00e3o brasileira no campo da pesquisa gen\u00f4mica.","og_url":"https:\/\/news.gen-t.science\/pt-br\/2024\/06\/gen-t-quilombo-itatiba\/","og_site_name":"gen-t","article_publisher":"https:\/\/www.facebook.com\/profile.php?id=100083140696452","article_published_time":"2024-06-27T11:43:49+00:00","article_modified_time":"2024-10-15T11:53:00+00:00","og_image":[{"width":2560,"height":1440,"url":"https:\/\/news.gen-t.science\/wp-content\/uploads\/2024\/10\/KSP03361-scaled.jpg","type":"image\/jpeg"}],"author":"Hellen","twitter_card":"summary_large_image","twitter_creator":"@gen_t_science","twitter_site":"@gen_t_science","twitter_misc":{"Escrito por":"Hellen","Est. tempo de leitura":"3 minutos"},"schema":{"@context":"https:\/\/schema.org","@graph":[{"@type":"Article","@id":"https:\/\/news.gen-t.science\/pt-br\/2024\/06\/gen-t-quilombo-itatiba\/#article","isPartOf":{"@id":"https:\/\/news.gen-t.science\/pt-br\/2024\/06\/gen-t-quilombo-itatiba\/"},"author":{"name":"Hellen","@id":"https:\/\/news.gen-t.science\/pt-br\/#\/schema\/person\/83a1c36c3e689c5643a3bc4d00d64033"},"headline":"Gen-t mapeia dados gen\u00e9ticos de Quilombo Brotas para ampliar inclus\u00e3o e diversidade no maior biobanco da Am\u00e9rica Latina","datePublished":"2024-06-27T11:43:49+00:00","dateModified":"2024-10-15T11:53:00+00:00","mainEntityOfPage":{"@id":"https:\/\/news.gen-t.science\/pt-br\/2024\/06\/gen-t-quilombo-itatiba\/"},"wordCount":655,"commentCount":0,"publisher":{"@id":"https:\/\/news.gen-t.science\/pt-br\/#organization"},"image":{"@id":"https:\/\/news.gen-t.science\/pt-br\/2024\/06\/gen-t-quilombo-itatiba\/#primaryimage"},"thumbnailUrl":"https:\/\/news.gen-t.science\/wp-content\/uploads\/2024\/10\/KSP03361-scaled.jpg","articleSection":["gen-t"],"inLanguage":"pt-BR","potentialAction":[{"@type":"CommentAction","name":"Comment","target":["https:\/\/news.gen-t.science\/pt-br\/2024\/06\/gen-t-quilombo-itatiba\/#respond"]}]},{"@type":"WebPage","@id":"https:\/\/news.gen-t.science\/pt-br\/2024\/06\/gen-t-quilombo-itatiba\/","url":"https:\/\/news.gen-t.science\/pt-br\/2024\/06\/gen-t-quilombo-itatiba\/","name":"Gen-t mapeia dados gen\u00e9ticos de Quilombo Brotas, em Itatiba","isPartOf":{"@id":"https:\/\/news.gen-t.science\/pt-br\/#website"},"primaryImageOfPage":{"@id":"https:\/\/news.gen-t.science\/pt-br\/2024\/06\/gen-t-quilombo-itatiba\/#primaryimage"},"image":{"@id":"https:\/\/news.gen-t.science\/pt-br\/2024\/06\/gen-t-quilombo-itatiba\/#primaryimage"},"thumbnailUrl":"https:\/\/news.gen-t.science\/wp-content\/uploads\/2024\/10\/KSP03361-scaled.jpg","datePublished":"2024-06-27T11:43:49+00:00","dateModified":"2024-10-15T11:53:00+00:00","description":"A a\u00e7\u00e3o da gen-t visa promover uma representa\u00e7\u00e3o mais inclusiva e diversificada da popula\u00e7\u00e3o brasileira no campo da pesquisa gen\u00f4mica.","breadcrumb":{"@id":"https:\/\/news.gen-t.science\/pt-br\/2024\/06\/gen-t-quilombo-itatiba\/#breadcrumb"},"inLanguage":"pt-BR","potentialAction":[{"@type":"ReadAction","target":["https:\/\/news.gen-t.science\/pt-br\/2024\/06\/gen-t-quilombo-itatiba\/"]}]},{"@type":"ImageObject","inLanguage":"pt-BR","@id":"https:\/\/news.gen-t.science\/pt-br\/2024\/06\/gen-t-quilombo-itatiba\/#primaryimage","url":"https:\/\/news.gen-t.science\/wp-content\/uploads\/2024\/10\/KSP03361-scaled.jpg","contentUrl":"https:\/\/news.gen-t.science\/wp-content\/uploads\/2024\/10\/KSP03361-scaled.jpg","width":"2560","height":"1440"},{"@type":"BreadcrumbList","@id":"https:\/\/news.gen-t.science\/pt-br\/2024\/06\/gen-t-quilombo-itatiba\/#breadcrumb","itemListElement":[{"@type":"ListItem","position":1,"name":"In\u00edcio","item":"https:\/\/news.gen-t.science\/pt-br\/"},{"@type":"ListItem","position":2,"name":"Gen-t mapeia dados gen\u00e9ticos de Quilombo Brotas para ampliar inclus\u00e3o e diversidade no maior biobanco da Am\u00e9rica Latina"}]},{"@type":"WebSite","@id":"https:\/\/news.gen-t.science\/pt-br\/#website","url":"https:\/\/news.gen-t.science\/pt-br\/","name":"gen-t","description":"Humanidade com ci\u00eancia","publisher":{"@id":"https:\/\/news.gen-t.science\/pt-br\/#organization"},"potentialAction":[{"@type":"SearchAction","target":{"@type":"EntryPoint","urlTemplate":"https:\/\/news.gen-t.science\/pt-br\/?s={search_term_string}"},"query-input":{"@type":"PropertyValueSpecification","valueRequired":true,"valueName":"search_term_string"}}],"inLanguage":"pt-BR"},{"@type":"Organization","@id":"https:\/\/news.gen-t.science\/pt-br\/#organization","name":"gen-t","url":"https:\/\/news.gen-t.science\/pt-br\/","logo":{"@type":"ImageObject","inLanguage":"pt-BR","@id":"https:\/\/news.gen-t.science\/pt-br\/#\/schema\/logo\/image\/","url":"https:\/\/blog.gen-t.science\/wp-content\/uploads\/2022\/09\/logo-gen-t-humanidade-com-ciencia-genetica-genomica-gente_.jpg","contentUrl":"https:\/\/blog.gen-t.science\/wp-content\/uploads\/2022\/09\/logo-gen-t-humanidade-com-ciencia-genetica-genomica-gente_.jpg","width":"1381","height":"633","caption":"gen-t"},"image":{"@id":"https:\/\/news.gen-t.science\/pt-br\/#\/schema\/logo\/image\/"},"sameAs":["https:\/\/www.facebook.com\/profile.php?id=100083140696452","https:\/\/x.com\/gen_t_science","https:\/\/www.instagram.com\/gen_t.science\/","https:\/\/www.linkedin.com\/company\/gen-t-science\/","https:\/\/www.youtube.com\/channel\/UCViOWuQ8WwEbrPQLPFCy_ew\/"]},{"@type":"Person","@id":"https:\/\/news.gen-t.science\/pt-br\/#\/schema\/person\/83a1c36c3e689c5643a3bc4d00d64033","name":"Hellen","image":{"@type":"ImageObject","inLanguage":"pt-BR","@id":"https:\/\/secure.gravatar.com\/avatar\/f41027262da44211cc25ee8fbedce2d8eaf776ef1708e2db8f008ae530879c5a?s=96&d=mm&r=g","url":"https:\/\/secure.gravatar.com\/avatar\/f41027262da44211cc25ee8fbedce2d8eaf776ef1708e2db8f008ae530879c5a?s=96&d=mm&r=g","contentUrl":"https:\/\/secure.gravatar.com\/avatar\/f41027262da44211cc25ee8fbedce2d8eaf776ef1708e2db8f008ae530879c5a?s=96&d=mm&r=g","caption":"Hellen"},"url":"https:\/\/news.gen-t.science\/pt-br\/author\/hellen\/"}]}},"_links":{"self":[{"href":"https:\/\/news.gen-t.science\/pt-br\/wp-json\/wp\/v2\/posts\/423","targetHints":{"allow":["GET"]}}],"collection":[{"href":"https:\/\/news.gen-t.science\/pt-br\/wp-json\/wp\/v2\/posts"}],"about":[{"href":"https:\/\/news.gen-t.science\/pt-br\/wp-json\/wp\/v2\/types\/post"}],"author":[{"embeddable":true,"href":"https:\/\/news.gen-t.science\/pt-br\/wp-json\/wp\/v2\/users\/11"}],"replies":[{"embeddable":true,"href":"https:\/\/news.gen-t.science\/pt-br\/wp-json\/wp\/v2\/comments?post=423"}],"version-history":[{"count":1,"href":"https:\/\/news.gen-t.science\/pt-br\/wp-json\/wp\/v2\/posts\/423\/revisions"}],"predecessor-version":[{"id":426,"href":"https:\/\/news.gen-t.science\/pt-br\/wp-json\/wp\/v2\/posts\/423\/revisions\/426"}],"wp:featuredmedia":[{"embeddable":true,"href":"https:\/\/news.gen-t.science\/pt-br\/wp-json\/wp\/v2\/media\/424"}],"wp:attachment":[{"href":"https:\/\/news.gen-t.science\/pt-br\/wp-json\/wp\/v2\/media?parent=423"}],"wp:term":[{"taxonomy":"category","embeddable":true,"href":"https:\/\/news.gen-t.science\/pt-br\/wp-json\/wp\/v2\/categories?post=423"},{"taxonomy":"post_tag","embeddable":true,"href":"https:\/\/news.gen-t.science\/pt-br\/wp-json\/wp\/v2\/tags?post=423"}],"curies":[{"name":"wp","href":"https:\/\/api.w.org\/{rel}","templated":true}]}}